{"id":213357,"date":"2025-06-29T13:17:10","date_gmt":"2025-06-29T13:17:10","guid":{"rendered":"https:\/\/www.europesays.com\/fr\/213357\/"},"modified":"2025-06-29T13:17:10","modified_gmt":"2025-06-29T13:17:10","slug":"vasseur-va-manquer-la-course-du-gp-dautriche","status":"publish","type":"post","link":"https:\/\/www.europesays.com\/fr\/213357\/","title":{"rendered":"Vasseur va manquer la course du GP d&rsquo;Autriche"},"content":{"rendered":"<p>Fr\u00e9d\u00e9ric Vasseur ne sera pas sur le muret des stands au <a href=\"https:\/\/fr.motorsport.com\/team\/red-bull\/553\/\" target=\"_blank\" rel=\"noopener nofollow\">Red Bull<\/a> Ring ce dimanche. Le dirigeant fran\u00e7ais de la Scuderia <a href=\"https:\/\/fr.motorsport.com\/team\/ferrari\/615\/\" target=\"_blank\" rel=\"noopener nofollow\">Ferrari<\/a> a en effet d\u00fb rentrer pr\u00e9cipitamment chez lui pour des \u00ab\u00a0raisons personnelles\u00a0\u00bb, a annonc\u00e9 l&rsquo;\u00e9quipe italienne ce dimanche matin.<\/p>\n<p>C&rsquo;est donc tout logiquement le Belge J\u00e9r\u00f4me d&rsquo;Ambrosio, son adjoint, qui va assumer ce r\u00f4le en l&rsquo;absence de Vasseur.<\/p>\n<p>La Scuderia Ferrari a connu un samedi plut\u00f4t bon au GP d&rsquo;Autriche, avec les qualifications de <a href=\"https:\/\/fr.motorsport.com\/driver\/charles-leclerc\/109632\/\" target=\"_blank\" rel=\"noopener nofollow\">Charles Leclerc<\/a> en deuxi\u00e8me position et de <a href=\"https:\/\/fr.motorsport.com\/driver\/lewis-hamilton\/76878\/\" target=\"_blank\" rel=\"noopener nofollow\">Lewis Hamilton<\/a> au quatri\u00e8me rang, l&rsquo;\u00e9curie italienne &#8211; <a href=\"https:\/\/fr.motorsport.com\/f1\/news\/ferrari-red-bull-mclaren-devoiler-evolutions-spielberg\/10736589\/\" target=\"_self\" rel=\"noopener nofollow\">dont la SF-25 est dot\u00e9e d&rsquo;un nouveau plancher<\/a> &#8211; ayant \u00e9t\u00e9 la principale rivale de <a href=\"https:\/\/fr.motorsport.com\/team\/mclaren\/609\/\" target=\"_blank\" rel=\"noopener nofollow\">McLaren<\/a>, m\u00eame si <a href=\"https:\/\/fr.motorsport.com\/driver\/lando-norris\/289708\/\" target=\"_blank\" rel=\"noopener nofollow\">Lando Norris<\/a> a mis tout le monde d&rsquo;accord en repoussant le Mon\u00e9gasque \u00e0 une demi-seconde sur le court circuit de Spielberg.<\/p>\n<p>Ces derni\u00e8res semaines, le contexte autour de Ferrari et de l&rsquo;avenir de Vasseur s&rsquo;est particuli\u00e8rement tendu avec des rumeurs venant principalement d&rsquo;Italie qui ont fait \u00e9tat d&rsquo;une potentielle fin de collaboration \u00e0 l&rsquo;issue de la saison, face aux r\u00e9sultats d\u00e9cevants de la premi\u00e8re partie de campagne 2025 de l&rsquo;\u00e9quipe que le Fran\u00e7ais dirige depuis 2023.<\/p>\n<p>Rappelons que Vasseur n&rsquo;est pas la seule figure du paddock qui sera absente ce dimanche en Styrie puisque Gianpiero Lambiase, l&rsquo;ing\u00e9nieur de course de <a href=\"https:\/\/fr.motorsport.com\/driver\/max-verstappen\/93029\/\" target=\"_blank\" rel=\"noopener nofollow\">Max Verstappen<\/a> mais \u00e9galement responsable de la comp\u00e9tition chez Red Bull, <a href=\"https:\/\/fr.motorsport.com\/f1\/news\/verstappen-autre-ingenieur-course-autriche\/10736584\/\" target=\"_self\" rel=\"noopener nofollow\">n&rsquo;est pas l\u00e0 depuis le d\u00e9but du week-end<\/a> pour sa part.<\/p>\n<p>Lire aussi :<\/p>\n<p>Dans cet article<\/p>\n<p>    Fabien Gaillard\n<\/p>\n<p>    Formule 1\n<\/p>\n<p>    Ferrari\n<\/p>\n<p>Soyez le premier inform\u00e9 et souscrivez aux alertes mails pour recevoir les infos en temps r\u00e9el<\/p>\n<p>    S&rsquo;abonner aux alertes de news<\/p>\n","protected":false},"excerpt":{"rendered":"Fr\u00e9d\u00e9ric Vasseur ne sera pas sur le muret des stands au Red Bull Ring ce dimanche. Le dirigeant&hellip;\n","protected":false},"author":2,"featured_media":213358,"comment_status":"","ping_status":"","sticky":false,"template":"","format":"standard","meta":{"footnotes":""},"categories":[2],"tags":[11,2251,1454,1011,27,34489,12,34490,25],"class_list":{"0":"post-213357","1":"post","2":"type-post","3":"status-publish","4":"format-standard","5":"has-post-thumbnail","7":"category-actualites","8":"tag-actualites","9":"tag-ferrari","10":"tag-formule-1","11":"tag-fr","12":"tag-france","13":"tag-gp-dautriche","14":"tag-news","15":"tag-red-bull-ring","16":"tag-republique-francaise"},"share_on_mastodon":{"url":"https:\/\/pubeurope.com\/@fr\/114766849181742169","error":""},"_links":{"self":[{"href":"https:\/\/www.europesays.com\/fr\/wp-json\/wp\/v2\/posts\/213357","targetHints":{"allow":["GET"]}}],"collection":[{"href":"https:\/\/www.europesays.com\/fr\/wp-json\/wp\/v2\/posts"}],"about":[{"href":"https:\/\/www.europesays.com\/fr\/wp-json\/wp\/v2\/types\/post"}],"author":[{"embeddable":true,"href":"https:\/\/www.europesays.com\/fr\/wp-json\/wp\/v2\/users\/2"}],"replies":[{"embeddable":true,"href":"https:\/\/www.europesays.com\/fr\/wp-json\/wp\/v2\/comments?post=213357"}],"version-history":[{"count":0,"href":"https:\/\/www.europesays.com\/fr\/wp-json\/wp\/v2\/posts\/213357\/revisions"}],"wp:featuredmedia":[{"embeddable":true,"href":"https:\/\/www.europesays.com\/fr\/wp-json\/wp\/v2\/media\/213358"}],"wp:attachment":[{"href":"https:\/\/www.europesays.com\/fr\/wp-json\/wp\/v2\/media?parent=213357"}],"wp:term":[{"taxonomy":"category","embeddable":true,"href":"https:\/\/www.europesays.com\/fr\/wp-json\/wp\/v2\/categories?post=213357"},{"taxonomy":"post_tag","embeddable":true,"href":"https:\/\/www.europesays.com\/fr\/wp-json\/wp\/v2\/tags?post=213357"}],"curies":[{"name":"wp","href":"https:\/\/api.w.org\/{rel}","templated":true}]}}