{"id":213365,"date":"2025-06-29T13:21:18","date_gmt":"2025-06-29T13:21:18","guid":{"rendered":"https:\/\/www.europesays.com\/fr\/213365\/"},"modified":"2025-06-29T13:21:18","modified_gmt":"2025-06-29T13:21:18","slug":"super-xiii-maxime-rostang-quitte-albi-rugby-a-xiii","status":"publish","type":"post","link":"https:\/\/www.europesays.com\/fr\/213365\/","title":{"rendered":"Super XIII &#8211; Maxime Rostang quitte Albi &#8211; Rugby \u00e0 XIII"},"content":{"rendered":"<p style=\"text-align: justify;\"><strong>Apr\u00e8s une petite saison du c\u00f4t\u00e9 d\u2019Albi, Maxime Rostang va d\u00e9j\u00e0 quitter les Tigers et le championnat de France.<\/strong><\/p>\n<p style=\"text-align: justify;\">La jeune p\u00e9pite vauclusienne de 20 ans avait d\u00e9barqu\u00e9 l\u2019ann\u00e9e derni\u00e8re du c\u00f4t\u00e9 d\u2019Albi, en provenance d\u2019Avignon. Apr\u00e8s 19 matchs jou\u00e9s sous les couleurs des Tigers, il a notamment marqu\u00e9 13 essais, gagn\u00e9 le titre de champion de France et ajout\u00e9 du jus dans l\u2019attaque albigeoise.<\/p>\n<p style=\"text-align: justify;\">Polyvalent, en ayant jou\u00e9 \u00e0 l\u2019arri\u00e8re, au poste de meneur, et m\u00eame de talonneur, Maxime Rostang est un v\u00e9ritable couteau suisse.<\/p>\n<p style=\"text-align: justify;\">D\u00e9j\u00e0 pist\u00e9 par des clubs de Championship la saison derni\u00e8re, d\u2019apr\u00e8s nos sources, il franchira cette fois le pas. Et il devrait tr\u00e8s certainement rejoindre le club de York, actuellement sur le podium, derri\u00e8re Toulouse et Bradford.<\/p>\n","protected":false},"excerpt":{"rendered":"Apr\u00e8s une petite saison du c\u00f4t\u00e9 d\u2019Albi, Maxime Rostang va d\u00e9j\u00e0 quitter les Tigers et le championnat de&hellip;\n","protected":false},"author":2,"featured_media":213366,"comment_status":"","ping_status":"","sticky":false,"template":"","format":"standard","meta":{"footnotes":""},"categories":[1416],"tags":[35321,1011,27,35322,479,2228,1468,2229,60,2231],"class_list":{"0":"post-213365","1":"post","2":"type-post","3":"status-publish","4":"format-standard","5":"has-post-thumbnail","7":"category-rugby","8":"tag-albi-rl","9":"tag-fr","10":"tag-france","11":"tag-maxime-rostang","12":"tag-rugby","13":"tag-rugby-a-xiii","14":"tag-rugby-football","15":"tag-rugby-league","16":"tag-sports","17":"tag-super-xiii"},"share_on_mastodon":{"url":"https:\/\/pubeurope.com\/@fr\/114766865045950172","error":""},"_links":{"self":[{"href":"https:\/\/www.europesays.com\/fr\/wp-json\/wp\/v2\/posts\/213365","targetHints":{"allow":["GET"]}}],"collection":[{"href":"https:\/\/www.europesays.com\/fr\/wp-json\/wp\/v2\/posts"}],"about":[{"href":"https:\/\/www.europesays.com\/fr\/wp-json\/wp\/v2\/types\/post"}],"author":[{"embeddable":true,"href":"https:\/\/www.europesays.com\/fr\/wp-json\/wp\/v2\/users\/2"}],"replies":[{"embeddable":true,"href":"https:\/\/www.europesays.com\/fr\/wp-json\/wp\/v2\/comments?post=213365"}],"version-history":[{"count":0,"href":"https:\/\/www.europesays.com\/fr\/wp-json\/wp\/v2\/posts\/213365\/revisions"}],"wp:featuredmedia":[{"embeddable":true,"href":"https:\/\/www.europesays.com\/fr\/wp-json\/wp\/v2\/media\/213366"}],"wp:attachment":[{"href":"https:\/\/www.europesays.com\/fr\/wp-json\/wp\/v2\/media?parent=213365"}],"wp:term":[{"taxonomy":"category","embeddable":true,"href":"https:\/\/www.europesays.com\/fr\/wp-json\/wp\/v2\/categories?post=213365"},{"taxonomy":"post_tag","embeddable":true,"href":"https:\/\/www.europesays.com\/fr\/wp-json\/wp\/v2\/tags?post=213365"}],"curies":[{"name":"wp","href":"https:\/\/api.w.org\/{rel}","templated":true}]}}