{"id":213371,"date":"2025-06-29T13:25:14","date_gmt":"2025-06-29T13:25:14","guid":{"rendered":"https:\/\/www.europesays.com\/fr\/213371\/"},"modified":"2025-06-29T13:25:14","modified_gmt":"2025-06-29T13:25:14","slug":"ott-tanak-brise-lhegemonie-de-toyota-au-rallye-de-lacropole","status":"publish","type":"post","link":"https:\/\/www.europesays.com\/fr\/213371\/","title":{"rendered":"Ott T\u00e4nak brise l&rsquo;h\u00e9g\u00e9monie de Toyota au Rallye de l&rsquo;Acropole"},"content":{"rendered":"<p>Au lendemain d&rsquo;une journ\u00e9e qui a d\u00e9cim\u00e9 la cat\u00e9gorie Rally1, c&rsquo;est avec des temp\u00e9ratures plus supportables mais encore chaudes que s&rsquo;est disput\u00e9 le Super Sunday du Rallye de l&rsquo;Acropole. Si <a href=\"https:\/\/fr.motorsport.com\/driver\/gregoire-munster\/951567\/\" target=\"_blank\" rel=\"noopener nofollow\">Gr\u00e9goire Munster<\/a> a \u00e9t\u00e9 contraint \u00e0 l&rsquo;abandon, Toyota a enregistr\u00e9 les retours de <a href=\"https:\/\/fr.motorsport.com\/driver\/kalle-rovanpera\/444389\/\" target=\"_blank\" rel=\"noopener nofollow\">Kalle Rovanper\u00e4<\/a> et <a href=\"https:\/\/fr.motorsport.com\/driver\/takamoto-katsuta\/408928\/\" target=\"_blank\" rel=\"noopener nofollow\">Takamoto Katsuta<\/a>.<\/p>\n<p>Le d\u00e9but de matin\u00e9e a toutefois \u00e9t\u00e9 compliqu\u00e9 pour les deux hommes, d\u00e9j\u00e0 malheureux la veille. Le Japonais est parti en t\u00eate-\u00e0-queue dans la premi\u00e8re sp\u00e9ciale du jour, tandis que le Finlandais a \u00e9t\u00e9 victime d&rsquo;une crevaison\u00a0\u00ab\u00a0venue de nulle part\u00a0\u00bb dans la suivante, lui faisant perdre deux minutes et toute chance de marquer les points du dimanche. Toyota a toutefois invers\u00e9 leurs positions en vue de la Power Stage.\u00a0<\/p>\n<p><a href=\"https:\/\/fr.motorsport.com\/driver\/ott-tanak\/91992\/\" target=\"_blank\" rel=\"noopener nofollow\">Ott T\u00e4nak<\/a> a sign\u00e9 le scratch de l&rsquo;ES14 et de l&rsquo;ES15 pour tuer d\u00e9finitivement le peu de suspense qui aurait pu exister dans son duel face \u00e0 <a href=\"https:\/\/fr.motorsport.com\/driver\/sebastien-ogier\/87219\/\" target=\"_blank\" rel=\"noopener nofollow\">S\u00e9bastien Ogier<\/a>, se montrant tout simplement intouchable en accentuant son avance au g\u00e9n\u00e9ral de plus de cinq secondes dans la premi\u00e8re boucle.\u00a0<\/p>\n<p>Neuville sauve miraculeusement les meubles<br \/>\n   <img decoding=\"async\" draggable=\"false\" src=\"https:\/\/www.europesays.com\/fr\/wp-content\/uploads\/2025\/06\/thierry-neuville-martijn-wydae.jpg\" alt=\"Thierry Neuville a sauv\u00e9 des points dans un week-end cauchemardesque. \" width=\"1200\" height=\"800\" loading=\"lazy\"\/> <\/p>\n<p class=\"title\">Thierry Neuville a sauv\u00e9 des points dans un week-end cauchemardesque.<\/p>\n<p class=\"photographer\">Photo de: Red Bull Content Pool<\/p>\n<p>Lanc\u00e9 le couteau entre les dents avec l&rsquo;espoir de r\u00e9cup\u00e9rer des points pr\u00e9cieux, <a href=\"https:\/\/fr.motorsport.com\/driver\/thierry-neuville\/90467\/\" target=\"_blank\" rel=\"noopener nofollow\">Thierry Neuville<\/a> a \u00e9t\u00e9 stopp\u00e9 net dans son entreprise au d\u00e9but de l&rsquo;ES16. Victime d&rsquo;un\u00a0\u00ab\u00a0probl\u00e8me moteur\u00a0\u00bb et de pertes de puissance \u00e0 r\u00e9p\u00e9tition, le champion du monde en titre a ralli\u00e9 l&rsquo;arriv\u00e9e avec plus d&rsquo;une minute de retard, avant de passer du temps sur la liaison \u00e0 tenter de r\u00e9parer sa Hyundai.\u00a0<\/p>\n<p>Le Belge y est parvenu et a pu participer \u00e0 la derni\u00e8re sp\u00e9ciale sur un rythme \u00e0 nouveau soutenu, sauvant au passage sa cinqui\u00e8me place au classement du rallye.\u00a0La Power Stage a \u00e9t\u00e9 remport\u00e9e par S\u00e9bastien Ogier, qui a fait coup double en \u00e9tant \u00e9galement le plus rapide du Super Sunday.\u00a0<\/p>\n<p>En s&rsquo;imposant sur ce Rallye de l&rsquo;Acropole, Ott T\u00e4nak signe la premi\u00e8re victoire de Hyundai en 2025 et met fin \u00e0 une s\u00e9rie de sept victoires cons\u00e9cutives pour Toyota en WRC. L&rsquo;Estonien a toutefois franchi la ligne avec un probl\u00e8me de bo\u00eete de vitesses \u00e0 surveiller&#8230;<\/p>\n<p>Derri\u00e8re son dauphin S\u00e9bastien Ogier, la lutte pour le podium a bien exist\u00e9 entre <a href=\"https:\/\/fr.motorsport.com\/driver\/adrien-fourmaux\/839101\/\" target=\"_blank\" rel=\"noopener nofollow\">Adrien Fourmaux<\/a> et <a href=\"https:\/\/fr.motorsport.com\/driver\/elfyn-evans\/93531\/\" target=\"_blank\" rel=\"noopener nofollow\">Elfyn Evans<\/a>, qui avait r\u00e9duit son retard de moiti\u00e9 en milieu de matin\u00e9e. Le Fran\u00e7ais a bien g\u00e9r\u00e9 son affaire et retrouve le top 3 pour relancer sa campagne apr\u00e8s deux rallyes difficiles.\u00a0<\/p>\n<p>Au classement g\u00e9n\u00e9ral d&rsquo;un rallye cassant comme redout\u00e9, on ne retrouve que quatre Rally1 dans le top 10 final !\u00a0\u00c0 noter que la FIA a confirm\u00e9 un probl\u00e8me li\u00e9 au carburant, qui a provoqu\u00e9 les ennuis techniques dont ont \u00e9t\u00e9 victimes au moins trois pilotes : Gr\u00e9goire Munster, <a href=\"https:\/\/fr.motorsport.com\/driver\/martins-sesks\/955181\/\" rel=\"nofollow noopener\" target=\"_blank\">Martins Sesks<\/a> et <a href=\"https:\/\/fr.motorsport.com\/driver\/sami-pajari\/951561\/\" target=\"_blank\" rel=\"noopener nofollow\">Sami Pajari<\/a>.\u00a0\u00ab\u00a0La FIA a \u00e9t\u00e9 inform\u00e9e d&rsquo;un probl\u00e8me affectant les r\u00e9servoirs de carburant de certaines voitures de Rallye 1 et soutient les \u00e9quipes et les fournisseurs concern\u00e9s pour comprendre et r\u00e9soudre le probl\u00e8me\u00a0\u00bb, a fait savoir l&rsquo;instance.<\/p>\n<p>Au championnat, Elfyn Evans conserve les commandes mais n&rsquo;a plus que 11 points d&rsquo;avance sur S\u00e9bastien Ogier et 13 sur Ott T\u00e4nak. Kalle Rovanper\u00e4 est \u00e0 31 longueurs du leader.\u00a0<\/p>\n<tr>\n<strong>scratchs du dimanche<\/strong><br \/>\n<\/tr>\n<tr>\n<td style=\"width: 5%;\"><strong>ES14<\/strong><\/td>\n<td style=\"width: 5%; text-align: center;\">26,16 km<\/td>\n<td style=\"width: 25%;\">Smokovo 1<\/td>\n<td style=\"width: 10%; text-align: center;\"><img decoding=\"async\" class=\"ms-flag-img ms-flag-img_s0\" title=\"Estonia\" src=\"https:\/\/cdn-9.motorsport.com\/static\/img\/cf\/ee-3.svg\" alt=\"Estonia\" width=\"20\" loading=\"lazy\"\/>\u00a0O. T\u00e4nak<\/td>\n<\/tr>\n<tr>\n<td style=\"width: 5%;\"><strong>ES15<\/strong><\/td>\n<td style=\"width: 5%; text-align: center;\">23,37 km<\/td>\n<td style=\"width: 25%;\">Tarzan 1<\/td>\n<td style=\"width: 10%; text-align: center;\"><img decoding=\"async\" class=\"ms-flag-img ms-flag-img_s0\" title=\"Estonia\" src=\"https:\/\/cdn-9.motorsport.com\/static\/img\/cf\/ee-3.svg\" alt=\"Estonia\" width=\"20\" loading=\"lazy\"\/>\u00a0O. T\u00e4nak<\/td>\n<\/tr>\n<tr>\n<td style=\"width: 5%;\"><strong>ES16<\/strong><\/td>\n<td style=\"width: 5%; text-align: center;\">26,16 km<\/td>\n<td style=\"width: 25%;\">Smokovo 2<\/td>\n<td style=\"width: 10%; text-align: center;\"><img decoding=\"async\" class=\"ms-flag-img ms-flag-img_s0\" title=\"France\" src=\"https:\/\/cdn-5.motorsport.com\/static\/img\/cf\/fr-3.svg\" alt=\"France\" width=\"20\" loading=\"lazy\"\/>\u00a0S. Ogier<\/td>\n<\/tr>\n<tr>\n<td style=\"width: 5%;\"><strong>ES17<\/strong><\/td>\n<td style=\"width: 5%; text-align: center;\">23,37 km<\/td>\n<td style=\"width: 25%;\">Tarzan 2<\/td>\n<td style=\"width: 10%; text-align: center;\">\u00a0<\/td>\n<\/tr>\n<p><img decoding=\"async\" class=\"ms-flag-img ms-flag-img_s2\" title=\"Greece\" src=\"https:\/\/cdn-3.motorsport.com\/static\/img\/cf\/gr-3.svg\" alt=\"Greece\" width=\"32\" loading=\"lazy\"\/>\u00a0Rallye de l&rsquo;Acropole &#8211; Classement g\u00e9n\u00e9ral<\/p>\n<p>Super Sunday<\/p>\n<p>Power Stage<\/p>\n<p>Dans cet article<\/p>\n<p>    Basile Davoine\n<\/p>\n<p>    WRC\n<\/p>\n<p>    Toyota Racing\n<\/p>\n<p>    M-Sport\n<\/p>\n<p>    Hyundai Motorsport\n<\/p>\n<p>Soyez le premier inform\u00e9 et souscrivez aux alertes mails pour recevoir les infos en temps r\u00e9el<\/p>\n<p>    S&rsquo;abonner aux alertes de news<\/p>\n","protected":false},"excerpt":{"rendered":"Au lendemain d&rsquo;une journ\u00e9e qui a d\u00e9cim\u00e9 la cat\u00e9gorie Rally1, c&rsquo;est avec des temp\u00e9ratures plus supportables mais encore&hellip;\n","protected":false},"author":2,"featured_media":213372,"comment_status":"","ping_status":"","sticky":false,"template":"","format":"standard","meta":{"footnotes":""},"categories":[1412],"tags":[1451,1452,1453,1454,1455,1011,27,25984,21881,21880,35051,60,21879,16405],"class_list":{"0":"post-213371","1":"post","2":"type-post","3":"status-publish","4":"format-standard","5":"has-post-thumbnail","7":"category-f1","8":"tag-f1","9":"tag-formula-1","10":"tag-formula1","11":"tag-formule-1","12":"tag-formule1","13":"tag-fr","14":"tag-france","15":"tag-gru00e8ce","16":"tag-hyundai-motorsport","17":"tag-m-sport","18":"tag-rallye-de-lacropole","19":"tag-sports","20":"tag-toyota-racing","21":"tag-wrc"},"share_on_mastodon":{"url":"https:\/\/pubeurope.com\/@fr\/114766880945434247","error":""},"_links":{"self":[{"href":"https:\/\/www.europesays.com\/fr\/wp-json\/wp\/v2\/posts\/213371","targetHints":{"allow":["GET"]}}],"collection":[{"href":"https:\/\/www.europesays.com\/fr\/wp-json\/wp\/v2\/posts"}],"about":[{"href":"https:\/\/www.europesays.com\/fr\/wp-json\/wp\/v2\/types\/post"}],"author":[{"embeddable":true,"href":"https:\/\/www.europesays.com\/fr\/wp-json\/wp\/v2\/users\/2"}],"replies":[{"embeddable":true,"href":"https:\/\/www.europesays.com\/fr\/wp-json\/wp\/v2\/comments?post=213371"}],"version-history":[{"count":0,"href":"https:\/\/www.europesays.com\/fr\/wp-json\/wp\/v2\/posts\/213371\/revisions"}],"wp:featuredmedia":[{"embeddable":true,"href":"https:\/\/www.europesays.com\/fr\/wp-json\/wp\/v2\/media\/213372"}],"wp:attachment":[{"href":"https:\/\/www.europesays.com\/fr\/wp-json\/wp\/v2\/media?parent=213371"}],"wp:term":[{"taxonomy":"category","embeddable":true,"href":"https:\/\/www.europesays.com\/fr\/wp-json\/wp\/v2\/categories?post=213371"},{"taxonomy":"post_tag","embeddable":true,"href":"https:\/\/www.europesays.com\/fr\/wp-json\/wp\/v2\/tags?post=213371"}],"curies":[{"name":"wp","href":"https:\/\/api.w.org\/{rel}","templated":true}]}}