{"id":213373,"date":"2025-06-29T13:26:10","date_gmt":"2025-06-29T13:26:10","guid":{"rendered":"https:\/\/www.europesays.com\/fr\/213373\/"},"modified":"2025-06-29T13:26:10","modified_gmt":"2025-06-29T13:26:10","slug":"direct-un-nouveau-peloton-groupe-suivez-la-course-hommes-des-championnats-de-france-de-cyclisme","status":"publish","type":"post","link":"https:\/\/www.europesays.com\/fr\/213373\/","title":{"rendered":"DIRECT &#8211; Un nouveau peloton group\u00e9, suivez la course hommes des championnats de France de cyclisme"},"content":{"rendered":"<p>Ewen Costiou se rel\u00e8ve<\/p>\n<p>Alors que la Groupama-FDJ appuyait fort pour revenir sur le Breton, seul en t\u00eate, il a d\u00e9cid\u00e9 de se relever. Il aura pass\u00e9 dix kilom\u00e8tres seul en t\u00eate.<\/p>\n<p>Partis pleine balle, les coureurs de la Groupama-FDJ ne se sont m\u00eame pas rendus compte qu&rsquo;ils avaient cr\u00e9\u00e9 une cassure avec le peloton. Ils sont une quinzaine \u00e0 rouler devant accompagn\u00e9s de&#8230; Dorian Godon, coureur de Decathlon-AG2R.<\/p>\n","protected":false},"excerpt":{"rendered":"Ewen Costiou se rel\u00e8ve Alors que la Groupama-FDJ appuyait fort pour revenir sur le Breton, seul en t\u00eate,&hellip;\n","protected":false},"author":2,"featured_media":213374,"comment_status":"","ping_status":"","sticky":false,"template":"","format":"standard","meta":{"footnotes":""},"categories":[1411],"tags":[11,35323,1154,207,34966,765,3166,1011,27,2427,60,19282],"class_list":{"0":"post-213373","1":"post","2":"type-post","3":"status-publish","4":"format-standard","5":"has-post-thumbnail","7":"category-cyclisme","8":"tag-actualites","9":"tag-axel-laurance","10":"tag-cycling","11":"tag-cyclisme","12":"tag-david-gaudu","13":"tag-en-continu","14":"tag-en-continu-sports","15":"tag-fr","16":"tag-france","17":"tag-professionnels","18":"tag-sports","19":"tag-valentin-madouas"},"share_on_mastodon":{"url":"https:\/\/pubeurope.com\/@fr\/114766884636718946","error":""},"_links":{"self":[{"href":"https:\/\/www.europesays.com\/fr\/wp-json\/wp\/v2\/posts\/213373","targetHints":{"allow":["GET"]}}],"collection":[{"href":"https:\/\/www.europesays.com\/fr\/wp-json\/wp\/v2\/posts"}],"about":[{"href":"https:\/\/www.europesays.com\/fr\/wp-json\/wp\/v2\/types\/post"}],"author":[{"embeddable":true,"href":"https:\/\/www.europesays.com\/fr\/wp-json\/wp\/v2\/users\/2"}],"replies":[{"embeddable":true,"href":"https:\/\/www.europesays.com\/fr\/wp-json\/wp\/v2\/comments?post=213373"}],"version-history":[{"count":0,"href":"https:\/\/www.europesays.com\/fr\/wp-json\/wp\/v2\/posts\/213373\/revisions"}],"wp:featuredmedia":[{"embeddable":true,"href":"https:\/\/www.europesays.com\/fr\/wp-json\/wp\/v2\/media\/213374"}],"wp:attachment":[{"href":"https:\/\/www.europesays.com\/fr\/wp-json\/wp\/v2\/media?parent=213373"}],"wp:term":[{"taxonomy":"category","embeddable":true,"href":"https:\/\/www.europesays.com\/fr\/wp-json\/wp\/v2\/categories?post=213373"},{"taxonomy":"post_tag","embeddable":true,"href":"https:\/\/www.europesays.com\/fr\/wp-json\/wp\/v2\/tags?post=213373"}],"curies":[{"name":"wp","href":"https:\/\/api.w.org\/{rel}","templated":true}]}}