{"id":213379,"date":"2025-06-29T13:29:21","date_gmt":"2025-06-29T13:29:21","guid":{"rendered":"https:\/\/www.europesays.com\/fr\/213379\/"},"modified":"2025-06-29T13:29:21","modified_gmt":"2025-06-29T13:29:21","slug":"cette-decision-est-vraiment-independante-de-notre-volonte-lexposition-vente-maximarts-interrompue-ce-vendredi-soir-a-sainte-maxime","status":"publish","type":"post","link":"https:\/\/www.europesays.com\/fr\/213379\/","title":{"rendered":"\u00ab\u00a0Cette d\u00e9cision est vraiment ind\u00e9pendante de notre volont\u00e9\u00a0\u00bb: l&rsquo;exposition-vente Maxim\u2019Arts interrompue ce vendredi soir \u00e0 Sainte-Maxime"},"content":{"rendered":"<p>Maxim\u2019Arts occupait depuis mardi l\u2019espace Maxime Moreau. Comme chaque ann\u00e9e, les cr\u00e9ations des adh\u00e9rents y \u00e9taient expos\u00e9es, mais aussi pour certaines mises \u00e0 la vente, normalement jusqu\u2019\u00e0 dimanche soir.<\/p>\n<p>Malheureusement, un \u00e9norme couac a mis fin hier soir \u00e0 cette tr\u00e8s belle exposition.<\/p>\n<p>La pr\u00e9sidente de l\u2019association, Jacqueline Ferrero, s\u2019explique: \u00ab\u00a0Il y a eu une confusion au niveau des dates avec le service culturel de la commune. Nous avons \u00e9t\u00e9 dans l\u2019obligation d\u2019interrompre notre exposition qui a ferm\u00e9 d\u00e9finitivement ses portes ce vendredi soir. Cette d\u00e9cision est vraiment ind\u00e9pendante de notre volont\u00e9 et nous la regrettons profond\u00e9ment\u00a0\u00bb. <\/p>\n<p>Fauteuils revisit\u00e9s avec \u00e9l\u00e9gance par l\u2019atelier de r\u00e9fection de mobilier, peintures sur porcelaine et sur soie, tableaux dont des aquarelles tr\u00e8s cr\u00e9atives, cartonnage, couture, abat-jours, crochet, macram\u00e9: au total, pr\u00e8s de 400 r\u00e9alisations ont d\u00fb \u00eatre remball\u00e9es pr\u00e9cipitamment, au grand d\u00e9sarroi des adh\u00e9rents et du bureau de Maxim\u2019Arts&#8230; Leur d\u00e9ception est immense!<\/p>\n<p>Le service culturel a tr\u00e8s certainement squeez\u00e9 le gala de boxe programm\u00e9 ce soir au th\u00e9\u00e2tre de la Mer. L\u2019espace Moreau faisant office de vestiaire pour les boxeurs, ceci explique la fin pr\u00e9matur\u00e9e de l\u2019exposition&#8230;<\/p>\n<p>Maxim\u2019Arts se tourne maintenant vers la saison prochaine. \u00ab\u00a0Nous allons nous donner le temps de la r\u00e9flexion pour voir de quelle mani\u00e8re nous c\u00e9l\u00e9brerons les dix ans de notre association, qui compte cette ann\u00e9e une soixantaine d\u2019adh\u00e9rents.\u00a0\u00bb<\/p>\n<p>Les activit\u00e9s reprendront le 8 septembre alors que le Forum des associations se tiendra juste la veille. \u00ab\u00a0Nous avons aussi programm\u00e9 une journ\u00e9e portes ouvertes le 12 septembre, dans notre local situ\u00e9 au 29, boulevard de la Paix. \u00a0\u00bb\u00a0<\/p>\n","protected":false},"excerpt":{"rendered":"Maxim\u2019Arts occupait depuis mardi l\u2019espace Maxime Moreau. Comme chaque ann\u00e9e, les cr\u00e9ations des adh\u00e9rents y \u00e9taient expos\u00e9es, mais&hellip;\n","protected":false},"author":2,"featured_media":213380,"comment_status":"","ping_status":"","sticky":false,"template":"","format":"standard","meta":{"footnotes":""},"categories":[1358],"tags":[1348,1384,1385,251,1386,58,59,1011,27],"class_list":{"0":"post-213379","1":"post","2":"type-post","3":"status-publish","4":"format-standard","5":"has-post-thumbnail","7":"category-arts-et-design","8":"tag-arts","9":"tag-arts-and-design","10":"tag-arts-et-design","11":"tag-culture","12":"tag-design","13":"tag-divertissement","14":"tag-entertainment","15":"tag-fr","16":"tag-france"},"share_on_mastodon":{"url":"https:\/\/pubeurope.com\/@fr\/114766896425509713","error":""},"_links":{"self":[{"href":"https:\/\/www.europesays.com\/fr\/wp-json\/wp\/v2\/posts\/213379","targetHints":{"allow":["GET"]}}],"collection":[{"href":"https:\/\/www.europesays.com\/fr\/wp-json\/wp\/v2\/posts"}],"about":[{"href":"https:\/\/www.europesays.com\/fr\/wp-json\/wp\/v2\/types\/post"}],"author":[{"embeddable":true,"href":"https:\/\/www.europesays.com\/fr\/wp-json\/wp\/v2\/users\/2"}],"replies":[{"embeddable":true,"href":"https:\/\/www.europesays.com\/fr\/wp-json\/wp\/v2\/comments?post=213379"}],"version-history":[{"count":0,"href":"https:\/\/www.europesays.com\/fr\/wp-json\/wp\/v2\/posts\/213379\/revisions"}],"wp:featuredmedia":[{"embeddable":true,"href":"https:\/\/www.europesays.com\/fr\/wp-json\/wp\/v2\/media\/213380"}],"wp:attachment":[{"href":"https:\/\/www.europesays.com\/fr\/wp-json\/wp\/v2\/media?parent=213379"}],"wp:term":[{"taxonomy":"category","embeddable":true,"href":"https:\/\/www.europesays.com\/fr\/wp-json\/wp\/v2\/categories?post=213379"},{"taxonomy":"post_tag","embeddable":true,"href":"https:\/\/www.europesays.com\/fr\/wp-json\/wp\/v2\/tags?post=213379"}],"curies":[{"name":"wp","href":"https:\/\/api.w.org\/{rel}","templated":true}]}}