{"id":213381,"date":"2025-06-29T13:30:11","date_gmt":"2025-06-29T13:30:11","guid":{"rendered":"https:\/\/www.europesays.com\/fr\/213381\/"},"modified":"2025-06-29T13:30:11","modified_gmt":"2025-06-29T13:30:11","slug":"prisse-des-livres-offerts-aux-futurs-collegiens","status":"publish","type":"post","link":"https:\/\/www.europesays.com\/fr\/213381\/","title":{"rendered":"Priss\u00e9. Des livres offerts aux futurs coll\u00e9giens"},"content":{"rendered":"<p>Pour leur passage en 6 e en septembre prochain, les 23 CM2 de Marie Herment et Jean-Pierre Lovato ont re\u00e7u, jeudi, trois ouvrages des mains du maire Pierre Desroches et de son adjointe aux affaires scolaires Dani\u00e8le Rodriguez. Le Petit Prince, Mon amie Anne Frank \u00e9taient offerts par la municipalit\u00e9 et L\u2019Odyss\u00e9e d\u2019Hom\u00e8re par l\u2019\u00c9ducation nationale.<\/p>\n<p>F\u00e9licit\u00e9s pour le travail accompli tout au long de leur scolarit\u00e9, les futurs coll\u00e9giens ont \u00e9galement re\u00e7u les encouragements du maire pour leur passage en sixi\u00e8me.<\/p>\n","protected":false},"excerpt":{"rendered":"Pour leur passage en 6 e en septembre prochain, les 23 CM2 de Marie Herment et Jean-Pierre Lovato&hellip;\n","protected":false},"author":2,"featured_media":213382,"comment_status":"","ping_status":"","sticky":false,"template":"","format":"standard","meta":{"footnotes":""},"categories":[1357],"tags":[1379,58,3718,1057,59,107,1011,27,1380,5981,10425,11029],"class_list":{"0":"post-213381","1":"post","2":"type-post","3":"status-publish","4":"format-standard","5":"has-post-thumbnail","7":"category-livres","8":"tag-books","9":"tag-divertissement","10":"tag-edition-macon","11":"tag-education","12":"tag-entertainment","13":"tag-fil-info","14":"tag-fr","15":"tag-france","16":"tag-livres","17":"tag-macon-bassin","18":"tag-maternelle-elementaire","19":"tag-prisse"},"share_on_mastodon":{"url":"https:\/\/pubeurope.com\/@fr\/114766900319690366","error":""},"_links":{"self":[{"href":"https:\/\/www.europesays.com\/fr\/wp-json\/wp\/v2\/posts\/213381","targetHints":{"allow":["GET"]}}],"collection":[{"href":"https:\/\/www.europesays.com\/fr\/wp-json\/wp\/v2\/posts"}],"about":[{"href":"https:\/\/www.europesays.com\/fr\/wp-json\/wp\/v2\/types\/post"}],"author":[{"embeddable":true,"href":"https:\/\/www.europesays.com\/fr\/wp-json\/wp\/v2\/users\/2"}],"replies":[{"embeddable":true,"href":"https:\/\/www.europesays.com\/fr\/wp-json\/wp\/v2\/comments?post=213381"}],"version-history":[{"count":0,"href":"https:\/\/www.europesays.com\/fr\/wp-json\/wp\/v2\/posts\/213381\/revisions"}],"wp:featuredmedia":[{"embeddable":true,"href":"https:\/\/www.europesays.com\/fr\/wp-json\/wp\/v2\/media\/213382"}],"wp:attachment":[{"href":"https:\/\/www.europesays.com\/fr\/wp-json\/wp\/v2\/media?parent=213381"}],"wp:term":[{"taxonomy":"category","embeddable":true,"href":"https:\/\/www.europesays.com\/fr\/wp-json\/wp\/v2\/categories?post=213381"},{"taxonomy":"post_tag","embeddable":true,"href":"https:\/\/www.europesays.com\/fr\/wp-json\/wp\/v2\/tags?post=213381"}],"curies":[{"name":"wp","href":"https:\/\/api.w.org\/{rel}","templated":true}]}}