{"id":213383,"date":"2025-06-29T13:31:18","date_gmt":"2025-06-29T13:31:18","guid":{"rendered":"https:\/\/www.europesays.com\/fr\/213383\/"},"modified":"2025-06-29T13:31:18","modified_gmt":"2025-06-29T13:31:18","slug":"laetitia-provenchere-familles-nombreuses-accusee-davoir-abandonne-son-chat-elle-pousse-un-coup-de-gueule","status":"publish","type":"post","link":"https:\/\/www.europesays.com\/fr\/213383\/","title":{"rendered":"La\u00ebtitia Provench\u00e8re (Familles nombreuses), accus\u00e9e d\u2019avoir abandonn\u00e9 son chat, elle pousse un coup de gueule"},"content":{"rendered":"<p>Dans la maison de <a href=\"https:\/\/www.programme-tv.net\/biographie\/1333613-provenchere-laetitia\/\" data-link-people=\"93f248ed-6edb-4212-b0d9-8fed3063e6aa\" target=\"_blank\" rel=\"noopener\">La\u00ebtitia Provench\u00e8re<\/a>, tout n\u2019est pas au beau fixe. Les membres de la maisonn\u00e9e s\u2019entendent parfois comme chien et chat (litt\u00e9ralement). En effet, depuis que <a href=\"https:\/\/www.programme-tv.net\/news\/tele-realite\/381756-je-n-ai-pas-ete-tres-presente-laetitia-provenchere-familles-nombreuses-annonce-le-deces-de-sa-grand-mere\/\" data-api-deeplink=\"teleloisirs:\/\/news\/381756\" target=\"_blank\" rel=\"noopener\">la maman solo d\u00e9couverte dans l\u2019\u00e9mission Familles nombreuses : la vie en XXL<\/a> a adopt\u00e9 une jeune chienne \u00e0 la SPA il y a quelques mois, son chat Ragnar\u00f6k a d\u00e9sert\u00e9 le domicile familial. Tr\u00e8s active sur Instagram, o\u00f9 elle partage son quotidien avec ses 294 000 abonn\u00e9s, la maman <a href=\"https:\/\/www.programme-tv.net\/news\/tele-realite\/371008-il-part-tres-tot-le-matin-laetitia-provenchere-familles-nombreuses-devoile-le-metier-peu-connu-de-son-compagnon\/\" data-api-deeplink=\"teleloisirs:\/\/news\/371008\" target=\"_blank\" rel=\"noopener\">qui a r\u00e9cemment retrouv\u00e9 l&rsquo;amour<\/a>, a naturellement \u00e9voqu\u00e9 cette situation qui la peine. Mais ses confidences ont suscit\u00e9 un flot de r\u00e9actions n\u00e9gatives. Depuis, les messages d\u2019abonn\u00e9s l\u2019accusant d\u2019avoir abandonn\u00e9 son chat se multiplient, surtout lorsqu\u2019elle publie des photos de sa chienne. Lass\u00e9e par ces critiques r\u00e9p\u00e9t\u00e9es, La\u00ebtitia a d\u00e9cid\u00e9 de prendre la parole pour r\u00e9tablir la v\u00e9rit\u00e9 dans une s\u00e9rie de stories post\u00e9es ce samedi 28 juin sur Instagram.<\/p>\n<p>                        \u00ab\u00a0Je vous l\u2019ai dit, je n\u2019ai pas de solution\u00a0\u00bb : La\u00ebtitia Provench\u00e8re (Familles nombreuses) met les choses au clair apr\u00e8s les accusations d\u2019avoir abandonn\u00e9 son chat<\/p>\n<p>C&rsquo;en est trop pour La\u00ebtitia Provench\u00e8re ! Agac\u00e9e des messages qu\u2019elle re\u00e7oit r\u00e9guli\u00e8rement, l\u2019accusant d\u2019avoir abandonn\u00e9 son chat, l\u2019ex-candidate de Familles nombreuses a tenu \u00e0 remettre les pendules \u00e0 l\u2019heure ce samedi 28 juin, dans une s\u00e9rie de stories Instagram. \u00ab\u00a0Concernant Ragnar\u00f6k, comment dire sans \u00eatre d\u00e9sagr\u00e9able\u202f?\u00a0\u00bb, a commenc\u00e9 la maman d\u2019un petit gar\u00e7on et de tripl\u00e9s. \u00ab\u00a0\u00c0 partir du moment o\u00f9 je fais une story avec Naya, vous me posez des questions sur Ragnar\u00f6k. Pour savoir comment il va, ce qu\u2019il devient, etc. Ce qui est tr\u00e8s bienveillant et j\u2019y r\u00e9ponds toujours avec plaisir parce que Ragnar\u00f6k est toujours l\u00e0, il est toujours dans le quartier. Il a son petit rituel chez mes voisins avec qui on s\u2019entend tr\u00e8s bien\u00a0\u00bb, a-t-elle rassur\u00e9 ses abonn\u00e9s avant de raconter l\u2019\u00e9v\u00e9nement qui a \u00e9t\u00e9 la goutte d\u2019eau qui a fait d\u00e9border le vase. \u00ab\u00a0Hier, nous \u00e9tions chez des voisins et Ragnar\u00f6k \u00e9tait donc l\u00e0 et j\u2019ai fait une petite photo de lui parce qu\u2019il nous manque et avec les enfants. Sauf que je re\u00e7ois toujours des messages en mode \u2018c\u2019est pas cool, tu as abandonn\u00e9 ton chat. Je vous l\u2019ai dit, je n\u2019ai pas de solution\u00a0\u00bb, a-t-elle confi\u00e9, pein\u00e9e. La\u00ebtitia Provench\u00e8re s\u2019est alors lanc\u00e9e dans une explication pour r\u00e9sumer la situation et expliquer son choix. \u00ab\u00a0Je suis all\u00e9e \u00e0 la SPA adopter Naya. J\u2019aurais achet\u00e9 Naya dans un \u00e9levage, j\u2019aurais \u00e9t\u00e9 critiqu\u00e9e aussi, bref. Je suis all\u00e9e \u00e0 la SPA adopter Naya, suite \u00e0 \u00e7a, Ragnar\u00f6k ne veut plus venir \u00e0 la maison. C\u2019est devenu un chat d\u2019ext\u00e9rieur.\u00a0\u00bb Si l\u2019agacement se faisait sentir au d\u00e9but, c\u2019est finalement l\u2019\u00e9motion qui a pris le dessus. La maman a conclu en expliquant que ces messages ne la blessaient pas seulement elle, mais aussi ses enfants.<\/p>\n<p>            \u00ab\u00a0C\u2019est pesant pour moi, c\u2019est pesant pour les enfants\u00a0\u00bb : La\u00ebtitia Provench\u00e8re (Familles nombreuses) demande \u00e0 ses abonn\u00e9s d\u2019arr\u00eater de la critiquer<\/p>\n<p>La\u00ebtitia Provench\u00e8re s\u2019est ensuite livr\u00e9e un peu plus sur cette histoire qui la touche visiblement beaucoup. \u00ab\u00a0Je sais que le souci, \u00e0 la base, c\u2019est la chienne, mais soyons clairs, je ne vais pas ramener Naya \u00e0 la SPA \u00ab\u00a0, a-t-elle affirm\u00e9. Elle dit comprendre que certains messages soient bienveillants, mais elle en a assez de recevoir des reproches \u00e0 ce sujet : \u00ab\u00a0Juste, s\u2019il vous pla\u00eet, arr\u00eatez de m\u2019envoyer ce genre de messages comme si j\u2019avais abandonn\u00e9 mon chat \u00ab\u00a0, a-t-elle demand\u00e9 \u00e0 sa communaut\u00e9. Elle a aussi rappel\u00e9 que ce n\u2019\u00e9tait pas simple \u00e0 vivre pour elle, mais aussi pour ses enfants : \u00ab\u00a0Avec l\u2019arriv\u00e9e de Naya, il a d\u00e9cid\u00e9 de ne plus venir, et \u00e7a me fend le c\u0153ur, vous le savez. C\u2019est pesant pour moi, c\u2019est pesant pour les enfants. Ragnar\u00f6k, c\u2019est notre chat, celui qu\u2019on avait pris avec Guillaume. C\u2019est toujours compliqu\u00e9, et \u00e7a me saoule de le voir ailleurs et pas chez nous. Mais je ne vais pas ramener Naya \u00e0 la SPA.\u00a0\u00bb Au moins, le message est pass\u00e9.<\/p>\n<p>Article r\u00e9dig\u00e9 en collaboration avec 6M\u00e9dias.<\/p>\n","protected":false},"excerpt":{"rendered":"Dans la maison de La\u00ebtitia Provench\u00e8re, tout n\u2019est pas au beau fixe. Les membres de la maisonn\u00e9e s\u2019entendent&hellip;\n","protected":false},"author":2,"featured_media":213384,"comment_status":"","ping_status":"","sticky":false,"template":"","format":"standard","meta":{"footnotes":""},"categories":[1356],"tags":[244,58,59,4980,1011,27,35324,35325,252,199,3604,1364],"class_list":{"0":"post-213383","1":"post","2":"type-post","3":"status-publish","4":"format-standard","5":"has-post-thumbnail","7":"category-television","8":"tag-commentaire","9":"tag-divertissement","10":"tag-entertainment","11":"tag-familles-nombreuses-la-vie-en-xxl","12":"tag-fr","13":"tag-france","14":"tag-laetitia-provenchu00e8re","15":"tag-lau00ebtitia-provenchu00e8re","16":"tag-television","17":"tag-tf1","18":"tag-tu00e9lu00e9-ru00e9alitu00e9","19":"tag-tv"},"share_on_mastodon":{"url":"https:\/\/pubeurope.com\/@fr\/114766904343041251","error":""},"_links":{"self":[{"href":"https:\/\/www.europesays.com\/fr\/wp-json\/wp\/v2\/posts\/213383","targetHints":{"allow":["GET"]}}],"collection":[{"href":"https:\/\/www.europesays.com\/fr\/wp-json\/wp\/v2\/posts"}],"about":[{"href":"https:\/\/www.europesays.com\/fr\/wp-json\/wp\/v2\/types\/post"}],"author":[{"embeddable":true,"href":"https:\/\/www.europesays.com\/fr\/wp-json\/wp\/v2\/users\/2"}],"replies":[{"embeddable":true,"href":"https:\/\/www.europesays.com\/fr\/wp-json\/wp\/v2\/comments?post=213383"}],"version-history":[{"count":0,"href":"https:\/\/www.europesays.com\/fr\/wp-json\/wp\/v2\/posts\/213383\/revisions"}],"wp:featuredmedia":[{"embeddable":true,"href":"https:\/\/www.europesays.com\/fr\/wp-json\/wp\/v2\/media\/213384"}],"wp:attachment":[{"href":"https:\/\/www.europesays.com\/fr\/wp-json\/wp\/v2\/media?parent=213383"}],"wp:term":[{"taxonomy":"category","embeddable":true,"href":"https:\/\/www.europesays.com\/fr\/wp-json\/wp\/v2\/categories?post=213383"},{"taxonomy":"post_tag","embeddable":true,"href":"https:\/\/www.europesays.com\/fr\/wp-json\/wp\/v2\/tags?post=213383"}],"curies":[{"name":"wp","href":"https:\/\/api.w.org\/{rel}","templated":true}]}}