{"id":213387,"date":"2025-06-29T13:33:29","date_gmt":"2025-06-29T13:33:29","guid":{"rendered":"https:\/\/www.europesays.com\/fr\/213387\/"},"modified":"2025-06-29T13:33:29","modified_gmt":"2025-06-29T13:33:29","slug":"trois-jeunes-acteurs-au-coeur-des-rumeurs-pour-incarner-le-prochain-007","status":"publish","type":"post","link":"https:\/\/www.europesays.com\/fr\/213387\/","title":{"rendered":"Trois jeunes acteurs au c\u0153ur des rumeurs pour incarner le prochain 007"},"content":{"rendered":"<p>    Tom Holland: le choix inattendu<\/p>\n<p><b><a href=\"https:\/\/www.noovomoi.ca\/en-vedette\/zendaya-en-couple-star-apercue-en-train-embrasser-acteur.html\" target=\"_blank\" rel=\"noopener\">Tom Holland<\/a><\/b>, mondialement connu pour avoir incarn\u00e9 <b>Spider-Man<\/b> dans l\u2019univers Marvel, est un autre nom qui revient dans les discussions. Avec son allure de \u00abgentil gar\u00e7on\u00bb, il semble a priori loin de l\u2019agent secret t\u00e9n\u00e9breux. Et pourtant, Tom a prouv\u00e9 dans des r\u00f4les plus s\u00e9rieux, comme dans The Crowded Room ou Cherry, qu\u2019il \u00e9tait capable d\u2019aller au-del\u00e0 des r\u00f4les de super-h\u00e9ros. Son immense popularit\u00e9, son agilit\u00e9 physique et sa capacit\u00e9 \u00e0 jouer la vuln\u00e9rabilit\u00e9 comme la d\u00e9termination pourraient bien donner un nouveau souffle au personnage de <b>Bond<\/b>.<\/p>\n","protected":false},"excerpt":{"rendered":"Tom Holland: le choix inattendu Tom Holland, mondialement connu pour avoir incarn\u00e9 Spider-Man dans l\u2019univers Marvel, est un&hellip;\n","protected":false},"author":2,"featured_media":213388,"comment_status":"","ping_status":"","sticky":false,"template":"","format":"standard","meta":{"footnotes":""},"categories":[1354],"tags":[650,58,59,1346,1011,27,35326,35104,1677,1360,35103],"class_list":{"0":"post-213387","1":"post","2":"type-post","3":"status-publish","4":"format-standard","5":"has-post-thumbnail","7":"category-films","8":"tag-cinema","9":"tag-divertissement","10":"tag-entertainment","11":"tag-films","12":"tag-fr","13":"tag-france","14":"tag-harris-dickinson","15":"tag-jacob-elordi","16":"tag-james-bond","17":"tag-movies","18":"tag-tom-holland"},"share_on_mastodon":{"url":"https:\/\/pubeurope.com\/@fr\/114766912118033216","error":""},"_links":{"self":[{"href":"https:\/\/www.europesays.com\/fr\/wp-json\/wp\/v2\/posts\/213387","targetHints":{"allow":["GET"]}}],"collection":[{"href":"https:\/\/www.europesays.com\/fr\/wp-json\/wp\/v2\/posts"}],"about":[{"href":"https:\/\/www.europesays.com\/fr\/wp-json\/wp\/v2\/types\/post"}],"author":[{"embeddable":true,"href":"https:\/\/www.europesays.com\/fr\/wp-json\/wp\/v2\/users\/2"}],"replies":[{"embeddable":true,"href":"https:\/\/www.europesays.com\/fr\/wp-json\/wp\/v2\/comments?post=213387"}],"version-history":[{"count":0,"href":"https:\/\/www.europesays.com\/fr\/wp-json\/wp\/v2\/posts\/213387\/revisions"}],"wp:featuredmedia":[{"embeddable":true,"href":"https:\/\/www.europesays.com\/fr\/wp-json\/wp\/v2\/media\/213388"}],"wp:attachment":[{"href":"https:\/\/www.europesays.com\/fr\/wp-json\/wp\/v2\/media?parent=213387"}],"wp:term":[{"taxonomy":"category","embeddable":true,"href":"https:\/\/www.europesays.com\/fr\/wp-json\/wp\/v2\/categories?post=213387"},{"taxonomy":"post_tag","embeddable":true,"href":"https:\/\/www.europesays.com\/fr\/wp-json\/wp\/v2\/tags?post=213387"}],"curies":[{"name":"wp","href":"https:\/\/api.w.org\/{rel}","templated":true}]}}