{"id":213395,"date":"2025-06-29T13:38:09","date_gmt":"2025-06-29T13:38:09","guid":{"rendered":"https:\/\/www.europesays.com\/fr\/213395\/"},"modified":"2025-06-29T13:38:09","modified_gmt":"2025-06-29T13:38:09","slug":"bill-gates-kim-kardashian-oprah-winfrey-la-pyjama-party-grand-luxe-du-mariage-bezos","status":"publish","type":"post","link":"https:\/\/www.europesays.com\/fr\/213395\/","title":{"rendered":"Bill Gates, Kim Kardashian, Oprah Winfrey&#8230; La pyjama party grand luxe du mariage Bezos"},"content":{"rendered":"<p>Apr\u00e8s un mariage grandiose, le couple Bezos a conclu leur week-end de noces par une soir\u00e9e pyjama \u00e9l\u00e9gante au c\u0153ur de la Cit\u00e9 des Doges.<\/p>\n<p class=\"fig-paragraph\">Enfin, le mariage du si\u00e8cle touche \u00e0 sa fin. Apr\u00e8s un mariage fastueux sur l\u2019\u00eele de San Giorgio Maggiore, vendredi 27 juin, le fondateur d\u2019Amazon\u00a0<a href=\"https:\/\/madame.lefigaro.fr\/tag\/jeff-bezos\" target=\"_blank\" rel=\"noopener\" data-gtm-custom-categorie=\"navigation\" data-gtm-custom-action=\"crossclick\" data-gtm-custom-label=\"Contextuel\" data-gtm-event=\"customEventSPE\">Jeff Bezos<\/a>\u00a0et son \u00e9pouse Lauren S\u00e1nchez ont orchestr\u00e9 le bouquet final le lendemain soir. La soir\u00e9e, plac\u00e9e sous le signe de la \u00abDolce Notte\u00bb (douce nuit, en fran\u00e7ais), sugg\u00e9rait aux plus de 200 convives de venir habill\u00e9s en tenues de nuit, que ce soit un pyjama ou de la lingerie. Bien entendu il n\u2019\u00e9tait point question d\u2019une simple chemise de nuit \u00e0 carreaux et de charentaises, la haute couture s\u2019est \u00e9videmment invit\u00e9e \u00e0 l\u2019\u00e9v\u00e9nement.<\/p>\n<p class=\"fig-body-link&#10;    \">\n            \u00c0 lire aussi<br \/>\n        <a class=\"fig-body-link__link\" href=\"http:\/\/madame.lefigaro.fr\/societe\/actu\/comment-j-ai-essaye-d-infiltrer-le-mariage-de-jeff-bezos-a-venise-jour-3-20250628\" data-fig-type=\"Article\" data-gtm-custom-categorie=\"navigation\" data-gtm-custom-action=\"crossclick\" data-gtm-custom-label=\"Contextuel\" data-gtm-event=\"customEventSPE\" data-fig-domain=\"MADAME\" target=\"_blank\" rel=\"noopener\">Comment j\u2019ai essay\u00e9 d\u2019infiltrer le mariage de Jeff Bezos \u00e0 Venise, jour 3<\/a>\n<\/p>\n<p><strong>Entre audace et clin d\u2019\u0153il r\u00e9tro<\/strong><\/p>\n<p class=\"fig-paragraph\">La mari\u00e9e en personne a ainsi donn\u00e9 le ton dans une spectaculaire robe bustier rose poudr\u00e9e, toute en mousseline pliss\u00e9e et broderies de cristaux Swarovski, pens\u00e9e par\u00a0<a href=\"https:\/\/madame.lefigaro.fr\/tag\/donatella-versace\" target=\"_blank\" rel=\"noopener\" data-gtm-custom-categorie=\"navigation\" data-gtm-custom-action=\"crossclick\" data-gtm-custom-label=\"Contextuel\" data-gtm-event=\"customEventSPE\">Donatella Versace<\/a>\u00a0en personne. Une tenue \u00e0 nouveau en hommage au glamour des ann\u00e9es 1950, et notamment celui de l\u2019actrice Sophia Loren. Jeff Bezos, quant \u00e0 lui, a mis\u00e9 comme \u00e0 son habitude davantage sur la discr\u00e9tion, avec un costume sombre pour la soir\u00e9e, accompagn\u00e9 de chaussons bleus en velours Vibi Venezia, lesquels \u00e9taient offerts \u00e0 tous les hommes de la soir\u00e9e.<\/p>\n<p class=\"fig-paragraph\">Fid\u00e8le \u00e0 son audace,\u00a0<a href=\"https:\/\/madame.lefigaro.fr\/tag\/kim-kardashian\" target=\"_blank\" rel=\"noopener\" data-gtm-custom-categorie=\"navigation\" data-gtm-custom-action=\"crossclick\" data-gtm-custom-label=\"Contextuel\" data-gtm-event=\"customEventSPE\">Kim Kardashian<\/a>\u00a0a choisi une tenue lingerie corset\u00e9e transparente, avec des portes\u2011jarretelles et des collants, sign\u00e9e Dilara\u202fFindikoglu et agr\u00e9ment\u00e9e d\u2019une \u00e9tole. Ses demi-s\u0153urs se sont aussi d\u00e9marqu\u00e9es. Kylie Jenner arborait un crop\u2011top \u00e0 mailles argent\u00e9es et une jupe blanche, tandis que sa s\u0153ur Kendall se la jouait r\u00e9tro avec une robe costume bleu marine et un voile en mousseline de la m\u00eame teinte sur les cheveux. Leur m\u00e8re Kris Jenner d\u00e9tonnait \u00e9galement avec un peignoir brod\u00e9 blanc, surmont\u00e9 d\u2019un boa \u00e0 plumes noir. Autre duo remarqu\u00e9\u00a0: Sydney Sweeney et Tom Brady, arriv\u00e9s ensemble en total look noir coordonn\u00e9.<\/p>\n<p>Le bal des pyjamas de luxe<\/p>\n<p class=\"fig-paragraph\">Les ensembles de pyjama sophistiqu\u00e9s \u00e9taient \u00e9galement \u00e0 l\u2019honneur. La pr\u00e9sentatrice Oprah\u202fWinfrey a opt\u00e9 par exemple pour un ensemble soyeux bronze, agr\u00e9ment\u00e9 de plumes aux poignets, tandis que derri\u00e8re elle, le chanteur Usher s\u2019est distingu\u00e9 dans un smoking revisit\u00e9 fa\u00e7on robe de chambre bleue \u00e0 passepoil blanc. M\u00eame \u00e9l\u00e9gance sobre pour le fondateur de Microsoft Bill\u202fGates, rev\u00eatu d\u2019un ensemble pyjama noir Prada, et l\u2019acteur Leonardo DiCarpio, avec\u00a0<a href=\"http:\/\/madame.lefigaro.fr\/celebrites\/actu-people\/un-elephanteau-cache-derriere-un-arbre-l-etrange-camouflage-de-leonardo-dicaprio-a-venise-fait-jaser-les-internautes-20250628\" data-fig-type=\"Article\" data-gtm-custom-categorie=\"navigation\" data-gtm-custom-action=\"crossclick\" data-gtm-custom-label=\"Contextuel\" data-gtm-event=\"customEventSPE\" data-fig-domain=\"MADAME\" target=\"_blank\" rel=\"noopener\">sa fid\u00e8le casquette noire\u00a0<\/a>et un pyjama bordeaux en soie, surmont\u00e9 d\u2019une veste noire.<\/p>\n<p class=\"fig-paragraph\">La f\u00eate \u00e0 l\u2019Arsenale ce samedi soir a accueilli tous ces convives en tenue de nuit dans une atmosph\u00e8re festive ponctu\u00e9e par les performances de DJ\u202fCassidy d\u2019Usher, et selon plusieurs m\u00e9dias am\u00e9ricains, de Lady Gaga et d\u2019Elton John. Comme le r\u00e9sument bien nos confr\u00e8res du Vogue US dans leurs<a href=\"https:\/\/www.vogue.com\/slideshow\/jeff-bezos-lauren-sanchez-wedding-pajama-party-arrivals\" target=\"_blank\" rel=\"nofollow noopener\" data-gtm-custom-categorie=\"navigation\" data-gtm-custom-action=\"crossclick\" data-gtm-custom-label=\"Contextuel\" data-gtm-event=\"customEventSPE\">\u00a0colonnes<\/a>, cette \u00abDolce Notte\u00bb est venue clore \u00abun week-end de noces digne des plus grandes productions hollywoodiennes\u00bb.<\/p>\n","protected":false},"excerpt":{"rendered":"Apr\u00e8s un mariage grandiose, le couple Bezos a conclu leur week-end de noces par une soir\u00e9e pyjama \u00e9l\u00e9gante&hellip;\n","protected":false},"author":2,"featured_media":213396,"comment_status":"","ping_status":"","sticky":false,"template":"","format":"standard","meta":{"footnotes":""},"categories":[6],"tags":[998,988,991,5417,35,1000,993,33,34,994,992,638,1011,27,697,997,977,1930,999,989,995,973,990,16787,996],"class_list":{"0":"post-213395","1":"post","2":"type-post","3":"status-publish","4":"format-standard","5":"has-post-thumbnail","7":"category-economie","8":"tag-accessoire","9":"tag-actu-mode","10":"tag-actualite-mode","11":"tag-bijoux","12":"tag-business","13":"tag-celebrites","14":"tag-defiles","15":"tag-economie","16":"tag-economy","17":"tag-egerie-mode","18":"tag-fashion-week","19":"tag-figaro","20":"tag-fr","21":"tag-france","22":"tag-jeff-bezos","23":"tag-lingerie","24":"tag-madame","25":"tag-mariage","26":"tag-mode-fashion-femme","27":"tag-mode-femme","28":"tag-nouvelle-tendance","29":"tag-people","30":"tag-tendance-mode","31":"tag-venise","32":"tag-vetement"},"share_on_mastodon":{"url":"https:\/\/pubeurope.com\/@fr\/114766931890031095","error":""},"_links":{"self":[{"href":"https:\/\/www.europesays.com\/fr\/wp-json\/wp\/v2\/posts\/213395","targetHints":{"allow":["GET"]}}],"collection":[{"href":"https:\/\/www.europesays.com\/fr\/wp-json\/wp\/v2\/posts"}],"about":[{"href":"https:\/\/www.europesays.com\/fr\/wp-json\/wp\/v2\/types\/post"}],"author":[{"embeddable":true,"href":"https:\/\/www.europesays.com\/fr\/wp-json\/wp\/v2\/users\/2"}],"replies":[{"embeddable":true,"href":"https:\/\/www.europesays.com\/fr\/wp-json\/wp\/v2\/comments?post=213395"}],"version-history":[{"count":0,"href":"https:\/\/www.europesays.com\/fr\/wp-json\/wp\/v2\/posts\/213395\/revisions"}],"wp:featuredmedia":[{"embeddable":true,"href":"https:\/\/www.europesays.com\/fr\/wp-json\/wp\/v2\/media\/213396"}],"wp:attachment":[{"href":"https:\/\/www.europesays.com\/fr\/wp-json\/wp\/v2\/media?parent=213395"}],"wp:term":[{"taxonomy":"category","embeddable":true,"href":"https:\/\/www.europesays.com\/fr\/wp-json\/wp\/v2\/categories?post=213395"},{"taxonomy":"post_tag","embeddable":true,"href":"https:\/\/www.europesays.com\/fr\/wp-json\/wp\/v2\/tags?post=213395"}],"curies":[{"name":"wp","href":"https:\/\/api.w.org\/{rel}","templated":true}]}}