{"id":213405,"date":"2025-06-29T13:46:34","date_gmt":"2025-06-29T13:46:34","guid":{"rendered":"https:\/\/www.europesays.com\/fr\/213405\/"},"modified":"2025-06-29T13:46:34","modified_gmt":"2025-06-29T13:46:34","slug":"nancy-un-week-end-sportif-au-parc-de-la-pepiniere","status":"publish","type":"post","link":"https:\/\/www.europesays.com\/fr\/213405\/","title":{"rendered":"Nancy. Un week-end sportif au parc de la P\u00e9pini\u00e8re"},"content":{"rendered":"<p>Le week-end s\u2019annonce <a href=\"https:\/\/www.lasemaine.fr\/sante-environnement\/fortes-chaleurs-nos-meilleurs-spots-pour-se-rafraichir-a-metz-et-a-nancy\/\" data-type=\"post\" data-id=\"395953\" rel=\"nofollow noopener\" target=\"_blank\">chaud et ensoleill\u00e9<\/a> \u00e0 Nancy. Une occasion id\u00e9ale pour sortir et se d\u00e9gourdir les pattes. Bonne nouvelle, du 27 au 29\u00a0juin, la ville organise \u00ab\u00a0Bouge\u00a0\u00bb, sa manifestation annuelle qui invite les Nanc\u00e9iens \u00e0 venir se d\u00e9fouler, mais surtout transpirer, au <a href=\"https:\/\/www.lasemaine.fr\/non-classe\/nancy-parc-de-la-pepiniere-un-lifting-en-douceur-pour-les-dix-prochaines-annees\/\" data-type=\"post\" data-id=\"236921\" rel=\"nofollow noopener\" target=\"_blank\">Parc de la P\u00e9pini\u00e8re<\/a>. Pour les athl\u00e8tes ou les amateurs, c\u2019est le moment de d\u00e9couvrir de nouvelles activit\u00e9s, de rencontrer les acteurs sportifs de la r\u00e9gion et de s\u2019initier \u00e0 une nouvelle discipline. \u00c0 noter que cette\u00a0cinqui\u00e8me \u00e9dition sera plac\u00e9e sous le th\u00e8me de <a href=\"https:\/\/www.lasemaine.fr\/culture\/nancy-celebre-lart-deco-en-2025-une-annee-dhommages-au-patrimoine-des-annees-folles\/\" data-type=\"post\" data-id=\"366130\" rel=\"nofollow noopener\" target=\"_blank\">l\u2019\u00e9v\u00e9nement M\u00e9tro\u2019Folies<\/a>.<\/p>\n<p>867 \u00e9l\u00e8ves pr\u00e9sents<\/p>\n<p>Le vendredi\u00a027 sera une journ\u00e9e d\u00e9di\u00e9e aux enfants avec les Olympiades des ann\u00e9es folles. De 9\u00a0h\u00a030 \u00e0 16\u00a0heures, ce seront pas moins de 39 classes et 867 \u00e9l\u00e8ves qui d\u00e9couvriront de nombreuses disciplines d\u2019hier et aujourd\u2019hui, avec un pique-nique inspir\u00e9 des ann\u00e9es 30 pour finir la journ\u00e9e.\u00a0Samedi verra s\u2019installer le Village des sports, o\u00f9 clubs et associations animeront la journ\u00e9e de 10\u00a0heures \u00e0 19\u00a0heures Tournois de basket et de force athl\u00e9tique, introduction au volley via la pr\u00e9sence du Grand Nancy Volley-Ball et autres disciplines insolites seront \u00e0 d\u00e9couvrir sur place.<\/p>\n<p>Pour clore le week-end, la journ\u00e9e du\u00a0dimanche accueillera un \u00e9v\u00e9nement particulier\u00a0: le tournoi de basket 3\u00d73, qualificatif pour l\u2019Open de Paris.<\/p>\n<p>Ce qui se passe en Meurthe-et-Moselle<\/p>\n<p>L\u2019int\u00e9gralit\u00e9 du programme de ce week-end sportif est \u00e0 retrouver <a href=\"http:\/\/www.nancy.fr\/agenda\/details-agenda?uuid=0ff2030e-4c27-11f0-a196-594eb07467c0\" rel=\"nofollow noopener\" target=\"_blank\">ici<\/a>.<\/p>\n<p>Aur\u00e9lien Annecca<\/p>\n","protected":false},"excerpt":{"rendered":"Le week-end s\u2019annonce chaud et ensoleill\u00e9 \u00e0 Nancy. Une occasion id\u00e9ale pour sortir et se d\u00e9gourdir les pattes.&hellip;\n","protected":false},"author":2,"featured_media":213406,"comment_status":"","ping_status":"","sticky":false,"template":"","format":"standard","meta":{"footnotes":""},"categories":[9635],"tags":[1111,11,1777,674,1011,27,775,1702,12,25],"class_list":{"0":"post-213405","1":"post","2":"type-post","3":"status-publish","4":"format-standard","5":"has-post-thumbnail","7":"category-nancy","8":"tag-actu","9":"tag-actualites","10":"tag-eu","11":"tag-europe","12":"tag-fr","13":"tag-france","14":"tag-grand-est","15":"tag-nancy","16":"tag-news","17":"tag-republique-francaise"},"share_on_mastodon":{"url":"https:\/\/pubeurope.com\/@fr\/114766963254919894","error":""},"_links":{"self":[{"href":"https:\/\/www.europesays.com\/fr\/wp-json\/wp\/v2\/posts\/213405","targetHints":{"allow":["GET"]}}],"collection":[{"href":"https:\/\/www.europesays.com\/fr\/wp-json\/wp\/v2\/posts"}],"about":[{"href":"https:\/\/www.europesays.com\/fr\/wp-json\/wp\/v2\/types\/post"}],"author":[{"embeddable":true,"href":"https:\/\/www.europesays.com\/fr\/wp-json\/wp\/v2\/users\/2"}],"replies":[{"embeddable":true,"href":"https:\/\/www.europesays.com\/fr\/wp-json\/wp\/v2\/comments?post=213405"}],"version-history":[{"count":0,"href":"https:\/\/www.europesays.com\/fr\/wp-json\/wp\/v2\/posts\/213405\/revisions"}],"wp:featuredmedia":[{"embeddable":true,"href":"https:\/\/www.europesays.com\/fr\/wp-json\/wp\/v2\/media\/213406"}],"wp:attachment":[{"href":"https:\/\/www.europesays.com\/fr\/wp-json\/wp\/v2\/media?parent=213405"}],"wp:term":[{"taxonomy":"category","embeddable":true,"href":"https:\/\/www.europesays.com\/fr\/wp-json\/wp\/v2\/categories?post=213405"},{"taxonomy":"post_tag","embeddable":true,"href":"https:\/\/www.europesays.com\/fr\/wp-json\/wp\/v2\/tags?post=213405"}],"curies":[{"name":"wp","href":"https:\/\/api.w.org\/{rel}","templated":true}]}}