{"id":213407,"date":"2025-06-29T13:48:20","date_gmt":"2025-06-29T13:48:20","guid":{"rendered":"https:\/\/www.europesays.com\/fr\/213407\/"},"modified":"2025-06-29T13:48:20","modified_gmt":"2025-06-29T13:48:20","slug":"toulon-sur-arroux-de-nouveaux-feux-tricolores-installes-a-la-suite-dun-vol","status":"publish","type":"post","link":"https:\/\/www.europesays.com\/fr\/213407\/","title":{"rendered":"Toulon-sur-Arroux. De nouveaux feux tricolores install\u00e9s \u00e0 la suite d&rsquo;un vol"},"content":{"rendered":"<p>Depuis quelques jours d\u00e9j\u00e0, des feux tricolores sont en place rue du Pont, \u00e0 Toulon-sur-Arroux, pour la s\u00e9curisation d\u2019un chantier de toiture, effectu\u00e9 par un artisan local.\u00a0<\/p>\n<p>Une alternance de la circulation qui a cess\u00e9 momentan\u00e9ment en fin de semaine, \u00e0 la suite du vol de cette signalisation, \u00ab apparemment pour r\u00e9cup\u00e9rer les batteries\u00a0\u00bb, a indiqu\u00e9 le maire Bernard Labrosse, lors du dernier conseil municipal de mardi. <\/p>\n<p>De nouveaux feux tricolores ont rapidement \u00e9t\u00e9 remis en action en d\u00e9but de semaine.<\/p>\n","protected":false},"excerpt":{"rendered":"Depuis quelques jours d\u00e9j\u00e0, des feux tricolores sont en place rue du Pont, \u00e0 Toulon-sur-Arroux, pour la s\u00e9curisation&hellip;\n","protected":false},"author":2,"featured_media":213408,"comment_status":"","ping_status":"","sticky":false,"template":"","format":"standard","meta":{"footnotes":""},"categories":[9619],"tags":[1111,11,12568,1777,674,274,107,1011,27,14000,12,882,25,2310,13999],"class_list":{"0":"post-213407","1":"post","2":"type-post","3":"status-publish","4":"format-standard","5":"has-post-thumbnail","7":"category-toulon","8":"tag-actu","9":"tag-actualites","10":"tag-edition-montceau-les-mines","11":"tag-eu","12":"tag-europe","13":"tag-faits-divers-justice","14":"tag-fil-info","15":"tag-fr","16":"tag-france","17":"tag-montceau-les-mines-bassin","18":"tag-news","19":"tag-provence-alpes-cote-dazur","20":"tag-republique-francaise","21":"tag-toulon","22":"tag-toulon-sur-arroux"},"share_on_mastodon":{"url":"https:\/\/pubeurope.com\/@fr\/114766971127346953","error":""},"_links":{"self":[{"href":"https:\/\/www.europesays.com\/fr\/wp-json\/wp\/v2\/posts\/213407","targetHints":{"allow":["GET"]}}],"collection":[{"href":"https:\/\/www.europesays.com\/fr\/wp-json\/wp\/v2\/posts"}],"about":[{"href":"https:\/\/www.europesays.com\/fr\/wp-json\/wp\/v2\/types\/post"}],"author":[{"embeddable":true,"href":"https:\/\/www.europesays.com\/fr\/wp-json\/wp\/v2\/users\/2"}],"replies":[{"embeddable":true,"href":"https:\/\/www.europesays.com\/fr\/wp-json\/wp\/v2\/comments?post=213407"}],"version-history":[{"count":0,"href":"https:\/\/www.europesays.com\/fr\/wp-json\/wp\/v2\/posts\/213407\/revisions"}],"wp:featuredmedia":[{"embeddable":true,"href":"https:\/\/www.europesays.com\/fr\/wp-json\/wp\/v2\/media\/213408"}],"wp:attachment":[{"href":"https:\/\/www.europesays.com\/fr\/wp-json\/wp\/v2\/media?parent=213407"}],"wp:term":[{"taxonomy":"category","embeddable":true,"href":"https:\/\/www.europesays.com\/fr\/wp-json\/wp\/v2\/categories?post=213407"},{"taxonomy":"post_tag","embeddable":true,"href":"https:\/\/www.europesays.com\/fr\/wp-json\/wp\/v2\/tags?post=213407"}],"curies":[{"name":"wp","href":"https:\/\/api.w.org\/{rel}","templated":true}]}}