{"id":213418,"date":"2025-06-29T13:55:29","date_gmt":"2025-06-29T13:55:29","guid":{"rendered":"https:\/\/www.europesays.com\/fr\/213418\/"},"modified":"2025-06-29T13:55:29","modified_gmt":"2025-06-29T13:55:29","slug":"la-guinguette-estivale-de-montfort-sur-meu-revient-au-parc-du-pre-thabor","status":"publish","type":"post","link":"https:\/\/www.europesays.com\/fr\/213418\/","title":{"rendered":"La guinguette estivale de Montfort-sur-Meu revient au parc du Pr\u00e9-Thabor"},"content":{"rendered":"<p>La guinguette estivale de <a href=\"https:\/\/rennes.maville.com\/bretagne\/ille-et-vilaine\/montfort-sur-meu\/\" target=\"_blank\" rel=\"noopener\">Montfort-sur-Meu<\/a> <a href=\"https:\/\/www.ouest-france.fr\/bretagne\/ille-et-vilaine\/\" target=\"_blank\" rel=\"noopener\"> (Ille-et-Vilaine)<\/a> sera de retour pour sa cinqui\u00e8me \u00e9dition au c\u0153ur du parc du Pr\u00e9-Thabor, du mercredi\u00a02 au dimanche 13\u00a0juillet 2025.<\/p>\n<p>\u00a0Le coup d\u2019envoi sera donn\u00e9 le mercredi 2\u00a0juillet, \u00e0 15\u00a0h, avec le go\u00fbter du centre communal d\u2019action social avec Manivel Swing, annonce Marcelle Le Guellec, adjointe en charge de la culture. La journ\u00e9e se poursuivra en soir\u00e9e avec l\u2019\u00e9cole de musique du Pays de Broc\u00e9liande, qui aura carte blanche pour animer la soir\u00e9e.\u00a0<\/p>\n<p>Une programmation diverse<\/p>\n<p>Car cette ann\u00e9e encore, la programmation a \u00e9t\u00e9 pens\u00e9e pour tous, y compris les plus jeunes. Ainsi, une sieste musicale sera propos\u00e9e le vendredi 4\u00a0juillet (sur inscription) \u00e0 la m\u00e9diath\u00e8que Lagirafe. De m\u00eame, une journ\u00e9e d\u00e9di\u00e9e aux enfants est programm\u00e9e le mercredi 9\u00a0juillet avec un spectacle et une animation \u00ab\u00a0b\u00e9b\u00e9 bouquine\u00a0\u00bb, toujours \u00e0 la m\u00e9diath\u00e8que.<\/p>\n<p>Dans d\u2019autres styles, les sc\u00e8nes s\u2019ouvriront, entre autres, \u00e0 l\u2019Orchestre symphonique du Pays Pourpr\u00e9 et \u00e9galement \u00e0 l\u2019association Hard Calling Records, pour des rythmes un peu plus rock. Une soir\u00e9e carte blanche du Roazhon Blues est \u00e9galement programm\u00e9e le vendredi 11\u00a0juillet.<\/p>\n<p>Un joli succ\u00e8s chaque ann\u00e9e<\/p>\n<p>\u00a0Une dizaine de partenaires locaux, entit\u00e9s ou associations, vont animer cette guinguette, pr\u00e9cise Marcelle Le Guellec. La guinguette se veut festive, avec une ouverture d\u00e8s midi les samedis et dimanches et jusqu\u2019\u00e0 minuit les vendredis et samedis.\u00a0 De quoi rassembler un large public. \u00a0Les ann\u00e9es pass\u00e9es ont connu beaucoup de succ\u00e8s, la jauge maximale de 700\u00a0personnes a \u00e9t\u00e9 plusieurs fois atteinte\u00a0\u00bb, pr\u00e9cise Emmanuelle Aur\u00e9gan, directrice aux affaires culturelles.<\/p>\n<p>\u00a0Une nouveaut\u00e9 cette ann\u00e9e,\u00a0  informe l\u2019\u00e9lue,  \u00a0nous avons sollicit\u00e9 les associations montfortaises pour tenir une buvette, en plus des prestataires de restauration qui nous accompagnent cette ann\u00e9e encore.\u00a0La guinguette conclura sa saison avec une grande soir\u00e9e populaire, dimanche 13\u00a0juillet, qui sera le th\u00e9\u00e2tre d\u2019un bal swing sur des airs rappelant la Nouvelle-Orl\u00e9ans.<\/p>\n<p><strong>Du mercredi\u00a02 au dimanche 13\u00a0juillet 2025, <\/strong>du mercredi au dimanche, au parc du Pr\u00e9-Thabor, \u00e0 Montfort-sur-Meu. Entr\u00e9e libre et gratuite.<\/p>\n<p>\u00a0<\/p>\n","protected":false},"excerpt":{"rendered":"La guinguette estivale de Montfort-sur-Meu (Ille-et-Vilaine) sera de retour pour sa cinqui\u00e8me \u00e9dition au c\u0153ur du parc du&hellip;\n","protected":false},"author":2,"featured_media":213419,"comment_status":"","ping_status":"","sticky":false,"template":"","format":"standard","meta":{"footnotes":""},"categories":[2821],"tags":[1111,11,829,23567,1777,674,1011,27,5691,35327,12,153,35328,584,25,14173,3728],"class_list":{"0":"post-213418","1":"post","2":"type-post","3":"status-publish","4":"format-standard","5":"has-post-thumbnail","7":"category-rennes","8":"tag-actu","9":"tag-actualites","10":"tag-bretagne","11":"tag-estivale","12":"tag-eu","13":"tag-europe","14":"tag-fr","15":"tag-france","16":"tag-guinguette","17":"tag-montfort-sur-meu","18":"tag-news","19":"tag-parc","20":"tag-pre-thabor","21":"tag-rennes","22":"tag-republique-francaise","23":"tag-revient","24":"tag-saint-malo"},"share_on_mastodon":{"url":"https:\/\/pubeurope.com\/@fr\/114766998682280286","error":""},"_links":{"self":[{"href":"https:\/\/www.europesays.com\/fr\/wp-json\/wp\/v2\/posts\/213418","targetHints":{"allow":["GET"]}}],"collection":[{"href":"https:\/\/www.europesays.com\/fr\/wp-json\/wp\/v2\/posts"}],"about":[{"href":"https:\/\/www.europesays.com\/fr\/wp-json\/wp\/v2\/types\/post"}],"author":[{"embeddable":true,"href":"https:\/\/www.europesays.com\/fr\/wp-json\/wp\/v2\/users\/2"}],"replies":[{"embeddable":true,"href":"https:\/\/www.europesays.com\/fr\/wp-json\/wp\/v2\/comments?post=213418"}],"version-history":[{"count":0,"href":"https:\/\/www.europesays.com\/fr\/wp-json\/wp\/v2\/posts\/213418\/revisions"}],"wp:featuredmedia":[{"embeddable":true,"href":"https:\/\/www.europesays.com\/fr\/wp-json\/wp\/v2\/media\/213419"}],"wp:attachment":[{"href":"https:\/\/www.europesays.com\/fr\/wp-json\/wp\/v2\/media?parent=213418"}],"wp:term":[{"taxonomy":"category","embeddable":true,"href":"https:\/\/www.europesays.com\/fr\/wp-json\/wp\/v2\/categories?post=213418"},{"taxonomy":"post_tag","embeddable":true,"href":"https:\/\/www.europesays.com\/fr\/wp-json\/wp\/v2\/tags?post=213418"}],"curies":[{"name":"wp","href":"https:\/\/api.w.org\/{rel}","templated":true}]}}