{"id":213444,"date":"2025-06-29T14:10:10","date_gmt":"2025-06-29T14:10:10","guid":{"rendered":"https:\/\/www.europesays.com\/fr\/213444\/"},"modified":"2025-06-29T14:10:10","modified_gmt":"2025-06-29T14:10:10","slug":"la-facade-dune-agence-orpi-incendiee-a-marseille-liberation","status":"publish","type":"post","link":"https:\/\/www.europesays.com\/fr\/213444\/","title":{"rendered":"la fa\u00e7ade d\u2019une agence Orpi incendi\u00e9e \u00e0 Marseille \u2013 Lib\u00e9ration"},"content":{"rendered":"<p class=\"sc-ksZaOG ehjQrN text-element\">\u00abFaux, c\u2019est de l\u2019IA.\u00bb Selon <a href=\"https:\/\/www.liberation.fr\/international\/moyen-orient\/flotille-de-la-liberte-rima-hassan-de-retour-en-france-apres-un-vol-mouvemente-20250612_3CHUFJWWJZBOFMEL7ER63C6WO4\/\" target=\"_blank\" rel=\"noreferrer nofollow noopener\" title=\"https:\/\/www.liberation.fr\/international\/moyen-orient\/flotille-de-la-liberte-rima-hassan-de-retour-en-france-apres-un-vol-mouvemente-20250612_3CHUFJWWJZBOFMEL7ER63C6WO4\/\">Rima Hassan<\/a>, les images montrant un individu qui met volontairement le feu \u00e0 une agence Orpi, situ\u00e9e dans le XIIe arrondissement de Marseille, seraient totalement fausses, car g\u00e9n\u00e9r\u00e9es gr\u00e2ce \u00e0 un logiciel d\u2019intelligence artificielle.<\/p>\n<p class=\"sc-ksZaOG ehjQrN text-element\">Ces images ont \u00e9t\u00e9 diffus\u00e9es vingt-quatre heures apr\u00e8s que <a href=\"https:\/\/www.liberation.fr\/politique\/apres-avoir-agresse-verbalement-rima-hassan-deux-employes-du-reseau-immobilier-orpi-licencies-20250627_ZQSOJLRKFVHYNCWY4I5D34SOLE\/\" target=\"_blank\" rel=\"noreferrer nofollow noopener\" title=\"https:\/\/www.liberation.fr\/politique\/apres-avoir-agresse-verbalement-rima-hassan-deux-employes-du-reseau-immobilier-orpi-licencies-20250627_ZQSOJLRKFVHYNCWY4I5D34SOLE\/\">la d\u00e9put\u00e9e insoumise a \u00e9t\u00e9 agress\u00e9e verbalement<\/a> par deux personnes dans le Xe arrondissement de Paris, le vendredi 27 juin, lui lan\u00e7ant notamment \u00abon va la br\u00fbler ta Palestine\u00bb. Les deux employ\u00e9s du r\u00e9seau immobilier concern\u00e9s ont depuis \u00e9t\u00e9 licenci\u00e9s selon Orpi.<\/p>\n<p class=\"sc-ksZaOG ehjQrN text-element\">Sur les images, initialement publi\u00e9es sur TikTok dans la nuit du 28 au 29 juin, on peut voir quelqu\u2019un allumer ce qui r<\/p>\n","protected":false},"excerpt":{"rendered":"\u00abFaux, c\u2019est de l\u2019IA.\u00bb Selon Rima Hassan, les images montrant un individu qui met volontairement le feu \u00e0&hellip;\n","protected":false},"author":2,"featured_media":213445,"comment_status":"","ping_status":"","sticky":false,"template":"","format":"standard","meta":{"footnotes":""},"categories":[2814],"tags":[1111,11,1777,674,1011,27,884,12,882,25,15442,2439],"class_list":{"0":"post-213444","1":"post","2":"type-post","3":"status-publish","4":"format-standard","5":"has-post-thumbnail","7":"category-marseille","8":"tag-actu","9":"tag-actualites","10":"tag-eu","11":"tag-europe","12":"tag-fr","13":"tag-france","14":"tag-marseille","15":"tag-news","16":"tag-provence-alpes-cote-dazur","17":"tag-republique-francaise","18":"tag-rima-hassan","19":"tag-tiktok"},"share_on_mastodon":{"url":"https:\/\/pubeurope.com\/@fr\/114767057619021040","error":""},"_links":{"self":[{"href":"https:\/\/www.europesays.com\/fr\/wp-json\/wp\/v2\/posts\/213444","targetHints":{"allow":["GET"]}}],"collection":[{"href":"https:\/\/www.europesays.com\/fr\/wp-json\/wp\/v2\/posts"}],"about":[{"href":"https:\/\/www.europesays.com\/fr\/wp-json\/wp\/v2\/types\/post"}],"author":[{"embeddable":true,"href":"https:\/\/www.europesays.com\/fr\/wp-json\/wp\/v2\/users\/2"}],"replies":[{"embeddable":true,"href":"https:\/\/www.europesays.com\/fr\/wp-json\/wp\/v2\/comments?post=213444"}],"version-history":[{"count":0,"href":"https:\/\/www.europesays.com\/fr\/wp-json\/wp\/v2\/posts\/213444\/revisions"}],"wp:featuredmedia":[{"embeddable":true,"href":"https:\/\/www.europesays.com\/fr\/wp-json\/wp\/v2\/media\/213445"}],"wp:attachment":[{"href":"https:\/\/www.europesays.com\/fr\/wp-json\/wp\/v2\/media?parent=213444"}],"wp:term":[{"taxonomy":"category","embeddable":true,"href":"https:\/\/www.europesays.com\/fr\/wp-json\/wp\/v2\/categories?post=213444"},{"taxonomy":"post_tag","embeddable":true,"href":"https:\/\/www.europesays.com\/fr\/wp-json\/wp\/v2\/tags?post=213444"}],"curies":[{"name":"wp","href":"https:\/\/api.w.org\/{rel}","templated":true}]}}