{"id":213448,"date":"2025-06-29T14:12:09","date_gmt":"2025-06-29T14:12:09","guid":{"rendered":"https:\/\/www.europesays.com\/fr\/213448\/"},"modified":"2025-06-29T14:12:09","modified_gmt":"2025-06-29T14:12:09","slug":"sept-nouveaux-camions-grues-electriques-pour-la-collecte-de-verre-inaugures-par-la-metropole","status":"publish","type":"post","link":"https:\/\/www.europesays.com\/fr\/213448\/","title":{"rendered":"sept nouveaux camions-grues \u00e9lectriques pour la collecte de verre inaugur\u00e9s par la M\u00e9tropole"},"content":{"rendered":"<p itemprop=\"description\"><strong>Saint-Fons accueille les tout premiers camions-grues \u00e9lectriques, servant \u00e0 collecter le verre, de France.<\/strong><\/p>\n<p>Au sein d\u2019un communiqu\u00e9 paru ce jeudi 26 juin, la M\u00e9tropole de Lyon a annonc\u00e9 l\u2019arriv\u00e9e d\u2019un nouveau site pour la collecte de verre, \u00e0 Saint-Fons, en partenariat avec l\u2019entreprise Mineris, sp\u00e9cialis\u00e9e dans la gestion des conteneurs de d\u00e9chets.<\/p>\n<p>Un lieu plus \u00ab\u00a0propre\u00a0\u00bb, qui permet d\u2019accueillir les sept premiers camions-grues \u00e9lectriques de collecte de verre m\u00e9nager en France. \u00ab\u00a0R\u00e9duire l\u2019impact environnemental de nos activit\u00e9s est au c\u0153ur de notre strat\u00e9gie. Ce site est une r\u00e9ponse concr\u00e8te aux attentes de nos partenaires publics et des citoyens en mati\u00e8re de logistique urbaine\u00a0\u00bb, a expliqu\u00e9 Pierre Hornung, directeur g\u00e9n\u00e9ral de Mineris.<\/p>\n<p><strong>Une avanc\u00e9e technologique et \u00e9cologique<\/strong><\/p>\n<p>Sept bornes de 22km\/h vont permettre de recharger tous les camions-grues d\u00e9velopp\u00e9s par Volvo pendant la nuit, avant qu\u2019ils ne partent r\u00e9colter les verres jet\u00e9s par la population du Grand Lyon. La collecte s\u2019effectuera sur pr\u00e8s de 100km par jour, du lundi au samedi, dans toute la m\u00e9tropole.<\/p>\n<p>L\u2019ambition de la M\u00e9tropole de Lyon \u00e0 travers ce projet est de r\u00e9duire l\u2019\u00e9mission de gaz \u00e0 effet de serre sur le territoire. Plus de 2000 tonnes de CO2 et 840 000 litres de carburant fossile devraient \u00eatre \u00e9vit\u00e9s gr\u00e2ce \u00e0 ces camions.<\/p>\n<p>\u00ab\u00a0Cette initiative marque une avanc\u00e9e significative vers un territoire plus \u00e9cologique et un cadre de vie plus agr\u00e9able pour les Grands lyonnais. Cette nouvelle flotte constitue une mesure concr\u00e8te pour r\u00e9duire les \u00e9missions de gaz \u00e0 effet de serre ainsi que les pollutions atmosph\u00e9rique et sonore\u00a0\u00bb, s\u2019est f\u00e9licit\u00e9 Bruno Bernard, pr\u00e9sident de la M\u00e9tropole de Lyon.<\/p>\n","protected":false},"excerpt":{"rendered":"Saint-Fons accueille les tout premiers camions-grues \u00e9lectriques, servant \u00e0 collecter le verre, de France. Au sein d\u2019un communiqu\u00e9&hellip;\n","protected":false},"author":2,"featured_media":213449,"comment_status":"","ping_status":"","sticky":false,"template":"","format":"standard","meta":{"footnotes":""},"categories":[1889],"tags":[1111,11,2813,2190,2430,1109,251,1112,2811,1777,674,118,1011,27,1922,1110,1114,2428,2810,12,241,316,25,2812,517,800],"class_list":{"0":"post-213448","1":"post","2":"type-post","3":"status-publish","4":"format-standard","5":"has-post-thumbnail","7":"category-lyon","8":"tag-actu","9":"tag-actualites","10":"tag-article","11":"tag-asvel","12":"tag-auvergne-rhone-alpes","13":"tag-breves","14":"tag-culture","15":"tag-depeches","16":"tag-economique","17":"tag-eu","18":"tag-europe","19":"tag-faits-divers","20":"tag-fr","21":"tag-france","22":"tag-info","23":"tag-informations","24":"tag-infos","25":"tag-lyon","26":"tag-lyonmag","27":"tag-news","28":"tag-ol","29":"tag-politique","30":"tag-republique-francaise","31":"tag-sociale","32":"tag-sport","33":"tag-transports"},"share_on_mastodon":{"url":"https:\/\/pubeurope.com\/@fr\/114767065609819200","error":""},"_links":{"self":[{"href":"https:\/\/www.europesays.com\/fr\/wp-json\/wp\/v2\/posts\/213448","targetHints":{"allow":["GET"]}}],"collection":[{"href":"https:\/\/www.europesays.com\/fr\/wp-json\/wp\/v2\/posts"}],"about":[{"href":"https:\/\/www.europesays.com\/fr\/wp-json\/wp\/v2\/types\/post"}],"author":[{"embeddable":true,"href":"https:\/\/www.europesays.com\/fr\/wp-json\/wp\/v2\/users\/2"}],"replies":[{"embeddable":true,"href":"https:\/\/www.europesays.com\/fr\/wp-json\/wp\/v2\/comments?post=213448"}],"version-history":[{"count":0,"href":"https:\/\/www.europesays.com\/fr\/wp-json\/wp\/v2\/posts\/213448\/revisions"}],"wp:featuredmedia":[{"embeddable":true,"href":"https:\/\/www.europesays.com\/fr\/wp-json\/wp\/v2\/media\/213449"}],"wp:attachment":[{"href":"https:\/\/www.europesays.com\/fr\/wp-json\/wp\/v2\/media?parent=213448"}],"wp:term":[{"taxonomy":"category","embeddable":true,"href":"https:\/\/www.europesays.com\/fr\/wp-json\/wp\/v2\/categories?post=213448"},{"taxonomy":"post_tag","embeddable":true,"href":"https:\/\/www.europesays.com\/fr\/wp-json\/wp\/v2\/tags?post=213448"}],"curies":[{"name":"wp","href":"https:\/\/api.w.org\/{rel}","templated":true}]}}