{"id":213467,"date":"2025-06-29T14:23:14","date_gmt":"2025-06-29T14:23:14","guid":{"rendered":"https:\/\/www.europesays.com\/fr\/213467\/"},"modified":"2025-06-29T14:23:14","modified_gmt":"2025-06-29T14:23:14","slug":"euro-de-basket-dames-lallemagne-prend-la-5e-place-en-battant-la-republique-tcheque","status":"publish","type":"post","link":"https:\/\/www.europesays.com\/fr\/213467\/","title":{"rendered":"Euro de basket dames &#8211; L&rsquo;Allemagne prend la 5e place en battant la R\u00e9publique tch\u00e8que"},"content":{"rendered":"<p><img decoding=\"async\" class=\"w-full object-contain\" style=\"aspect-ratio:150 \/ 100;opacity:1\" alt=\"Euro de basket dames - L'Allemagne prend la 5e place en battant la R\u00e9publique tch\u00e8que\" width=\"512\" height=\"341\" fetchpriority=\"high\" src=\"https:\/\/www.europesays.com\/fr\/wp-content\/uploads\/2025\/06\/PZE47VOJONCEZIPCUTT6NDIJMQ.jpg\"  \/><\/p>\n<p class=\"ap-StoryElement ap-StoryElement--mb ap-StoryText\">Les Belgian Cats avaient battu la R\u00e9publique tch\u00e8que (72-60) en phase de poule \u00e0 Brno dimanche dernier et \u00e9limin\u00e9 l&rsquo;Allemagne en quart de finale (83-59) mercredi au Pir\u00e9e.<\/p>\n<p class=\"ap-StoryElement ap-StoryElement--mb ap-StoryText\">Plus t\u00f4t dans la journ\u00e9e, la Turquie s&rsquo;est impos\u00e9e face \u00e0 la Lituanie (87-99) pour prendre la 7e place.<\/p>\n<p class=\"ap-StoryElement ap-StoryElement--mb ap-StoryText\">Si le vainqueur de cet Euro obtient une qualification directe pour la Coupe du monde du 4 au 13 septembre \u00e0 Berlin tout comme l&rsquo;Allemagne pays organisateur, six autres pays europ\u00e9ens disputeront les tournois qualificatifs en mars prochain qui rassembleront ainsi la Belgique, l&rsquo;Espagne, la France, l&rsquo;Italie, demi-finalistes, l&rsquo;Allemagne, la Turquie 5e, ainsi que la R\u00e9publique tch\u00e8que et la Hongrie, victorieuses d&rsquo;un tournoi pr\u00e9-qualificatif, respectivement au Mexique et au Rwanda (Kigali).<\/p>\n","protected":false},"excerpt":{"rendered":"Les Belgian Cats avaient battu la R\u00e9publique tch\u00e8que (72-60) en phase de poule \u00e0 Brno dimanche dernier et&hellip;\n","protected":false},"author":2,"featured_media":2837,"comment_status":"","ping_status":"","sticky":false,"template":"","format":"standard","meta":{"footnotes":""},"categories":[1587],"tags":[11,672,1465,31258,828,1804,1805,1803,1777,31257,674,1801,12,1802],"class_list":{"0":"post-213467","1":"post","2":"type-post","3":"status-publish","4":"format-standard","5":"has-post-thumbnail","7":"category-allemagne","8":"tag-actualites","9":"tag-allemagne","10":"tag-basket","11":"tag-belgiancats","12":"tag-belgique","13":"tag-bundesrepublik-deutschland","14":"tag-de","15":"tag-deutschland","16":"tag-eu","17":"tag-euro2025","18":"tag-europe","19":"tag-germany","20":"tag-news","21":"tag-republique-federale-dallemagne"},"share_on_mastodon":{"url":"https:\/\/pubeurope.com\/@fr\/114767108890336152","error":""},"_links":{"self":[{"href":"https:\/\/www.europesays.com\/fr\/wp-json\/wp\/v2\/posts\/213467","targetHints":{"allow":["GET"]}}],"collection":[{"href":"https:\/\/www.europesays.com\/fr\/wp-json\/wp\/v2\/posts"}],"about":[{"href":"https:\/\/www.europesays.com\/fr\/wp-json\/wp\/v2\/types\/post"}],"author":[{"embeddable":true,"href":"https:\/\/www.europesays.com\/fr\/wp-json\/wp\/v2\/users\/2"}],"replies":[{"embeddable":true,"href":"https:\/\/www.europesays.com\/fr\/wp-json\/wp\/v2\/comments?post=213467"}],"version-history":[{"count":0,"href":"https:\/\/www.europesays.com\/fr\/wp-json\/wp\/v2\/posts\/213467\/revisions"}],"wp:featuredmedia":[{"embeddable":true,"href":"https:\/\/www.europesays.com\/fr\/wp-json\/wp\/v2\/media\/2837"}],"wp:attachment":[{"href":"https:\/\/www.europesays.com\/fr\/wp-json\/wp\/v2\/media?parent=213467"}],"wp:term":[{"taxonomy":"category","embeddable":true,"href":"https:\/\/www.europesays.com\/fr\/wp-json\/wp\/v2\/categories?post=213467"},{"taxonomy":"post_tag","embeddable":true,"href":"https:\/\/www.europesays.com\/fr\/wp-json\/wp\/v2\/tags?post=213467"}],"curies":[{"name":"wp","href":"https:\/\/api.w.org\/{rel}","templated":true}]}}