{"id":213475,"date":"2025-06-29T14:28:07","date_gmt":"2025-06-29T14:28:07","guid":{"rendered":"https:\/\/www.europesays.com\/fr\/213475\/"},"modified":"2025-06-29T14:28:07","modified_gmt":"2025-06-29T14:28:07","slug":"84-departements-places-en-vigilance-orange-par-meteo-france-pour-la-journee-de-lundi","status":"publish","type":"post","link":"https:\/\/www.europesays.com\/fr\/213475\/","title":{"rendered":"84 d\u00e9partements plac\u00e9s en vigilance orange par M\u00e9t\u00e9o-France pour la journ\u00e9e de lundi"},"content":{"rendered":"<p>La canicule grignote petit \u00e0 petit l\u2019ensemble du territoire fran\u00e7ais. <a target=\"_self\" href=\"https:\/\/www.lanouvellerepublique.fr\/a-la-une\/canicule-pas-de-repit-en-france-73-departements-places-en-vigilance-orange-dimanche-1751120873\" rel=\"nofollow noopener\">Samedi 28\u00a0juin 2025, M\u00e9t\u00e9o-France avait plac\u00e9 73 d\u00e9partements en vigilance orange pour les journ\u00e9es de dimanche et lundi.<\/a><\/p>\n<p>Ce dimanche, ils sont finalement 84 d\u00e9partements pour la journ\u00e9e de lundi\u00a0: le Nord, l\u2019Aisne, les Ardennes, la Marne, la Meuse, la Moselle, la Meurthe-et-Moselle, les Vosges, la Haute-Marne, l\u2019Aube et l\u2019Oise rejoignent la liste dans les derni\u00e8res pr\u00e9visions de M\u00e9t\u00e9o-France, publi\u00e9es \u00e0 16\u00a0h dimanche.<\/p>\n<\/p>\n<p>La Corse-du-Sud, les Hautes-Alpes, le Pas-de-Calais, la Somme, l\u2019Eure, l\u2019Orne, le Morbihan sont en vigilance jaune, et seuls cinq d\u00e9partements n\u2019ont aucune vigilance\u00a0: le Finist\u00e8re, les C\u00f4tes-d\u2019Armor, la Manche, le Calvados et la Seine-Maritime.<\/p>\n","protected":false},"excerpt":{"rendered":"La canicule grignote petit \u00e0 petit l\u2019ensemble du territoire fran\u00e7ais. Samedi 28\u00a0juin 2025, M\u00e9t\u00e9o-France avait plac\u00e9 73 d\u00e9partements&hellip;\n","protected":false},"author":2,"featured_media":213476,"comment_status":"","ping_status":"","sticky":false,"template":"","format":"standard","meta":{"footnotes":""},"categories":[4],"tags":[328,11,6698,1011,27,329,12,25],"class_list":{"0":"post-213475","1":"post","2":"type-post","3":"status-publish","4":"format-standard","5":"has-post-thumbnail","7":"category-france","8":"tag-a-la-une","9":"tag-actualites","10":"tag-canicule","11":"tag-fr","12":"tag-france","13":"tag-france-monde","14":"tag-news","15":"tag-republique-francaise"},"share_on_mastodon":{"url":"https:\/\/pubeurope.com\/@fr\/114767128445105483","error":""},"_links":{"self":[{"href":"https:\/\/www.europesays.com\/fr\/wp-json\/wp\/v2\/posts\/213475","targetHints":{"allow":["GET"]}}],"collection":[{"href":"https:\/\/www.europesays.com\/fr\/wp-json\/wp\/v2\/posts"}],"about":[{"href":"https:\/\/www.europesays.com\/fr\/wp-json\/wp\/v2\/types\/post"}],"author":[{"embeddable":true,"href":"https:\/\/www.europesays.com\/fr\/wp-json\/wp\/v2\/users\/2"}],"replies":[{"embeddable":true,"href":"https:\/\/www.europesays.com\/fr\/wp-json\/wp\/v2\/comments?post=213475"}],"version-history":[{"count":0,"href":"https:\/\/www.europesays.com\/fr\/wp-json\/wp\/v2\/posts\/213475\/revisions"}],"wp:featuredmedia":[{"embeddable":true,"href":"https:\/\/www.europesays.com\/fr\/wp-json\/wp\/v2\/media\/213476"}],"wp:attachment":[{"href":"https:\/\/www.europesays.com\/fr\/wp-json\/wp\/v2\/media?parent=213475"}],"wp:term":[{"taxonomy":"category","embeddable":true,"href":"https:\/\/www.europesays.com\/fr\/wp-json\/wp\/v2\/categories?post=213475"},{"taxonomy":"post_tag","embeddable":true,"href":"https:\/\/www.europesays.com\/fr\/wp-json\/wp\/v2\/tags?post=213475"}],"curies":[{"name":"wp","href":"https:\/\/api.w.org\/{rel}","templated":true}]}}