{"id":213477,"date":"2025-06-29T14:29:10","date_gmt":"2025-06-29T14:29:10","guid":{"rendered":"https:\/\/www.europesays.com\/fr\/213477\/"},"modified":"2025-06-29T14:29:10","modified_gmt":"2025-06-29T14:29:10","slug":"golf-dans-laude-et-les-p-o-les-sequelles-de-la-secheresse-sont-toujours-la","status":"publish","type":"post","link":"https:\/\/www.europesays.com\/fr\/213477\/","title":{"rendered":"Golf : dans l&rsquo;Aude et les P.-O, les s\u00e9quelles de la s\u00e9cheresse sont toujours l\u00e0"},"content":{"rendered":"<p>\n                                                                \u00c0 Saint-Cyprien, ce mois de juin\u00a02025, le golf reverdit mais garde encore des stigmates de la s\u00e9cheresse.\n                            <\/p>\n<p>\u00a0\u00bb On a l\u2019autorisation d\u2019arroser uniquement les d\u00e9parts et les greens\u00a0avec l\u2019eau de r\u00e9utilisation\u00a0\u00bb, actualise Thibault Lormand, propri\u00e9taire du golf de Saint-Cyprien. Une eau qui \u00e9tait tr\u00e8s sal\u00e9e\u00a0lors du premier \u00e9t\u00e9 de restriction. \u00ab\u00a0On faisait jusqu\u2019\u00e0 22 allers-retours par jour en camion-citerne \u00e0 la station d\u2019\u00e9puration.\u00a0\u00bb L\u2019eau qui \u00e9tait d\u00e9sinfect\u00e9e mais pas d\u00e9salinis\u00e9e br\u00fblait le gazon. \u00ab\u00a0On a perdu des arbres, on a d\u00fb d\u00e9gager des budgets, entreprendre d\u2019importants travaux, acheter des tondeuses \u00e9lectriques, le personnel s\u2019est surpass\u00e9 et\u00a0on a r\u00e9ussi \u00e0 s\u2019adapter.\u00a0Nos\u00a027 greens sont de nouveau en \u00e9tat, propres au jeu. On peut accueillir toutes les comp\u00e9titions, la f\u00e9d\u00e9ration fran\u00e7aise nous a donn\u00e9 le feu vert\u00a0\u00bb, se r\u00e9jouit le patron.<\/p>\n<p class=\"std-elt__inline\">\n        <strong>\u00c0 lire aussi :<\/strong><br \/>\n        <a href=\"https:\/\/www.lindependant.fr\/2025\/06\/28\/explosion-de-la-pratique-du-golf-dans-laude-et-les-p-o-je-me-suis-remarie-et-jai-epouse-le-green-pour-la-vie-12743418.php\" rel=\"nofollow noopener\" target=\"_blank\">Explosion de la pratique du golf dans l&rsquo;Aude et les P.-O.\u00a0: \u00ab\u00a0Je me suis remari\u00e9 et j\u2019ai \u00e9pous\u00e9 le green pour la vie\u00a0\u00bb<\/a>\n    <\/p>\n<p class=\"std-elt__inline\">\n        <strong>\u00c0 lire aussi :<\/strong><br \/>\n        <a href=\"https:\/\/www.lindependant.fr\/2025\/06\/28\/explosion-de-la-pratique-du-golf-dans-laude-et-les-p-o-une-addiction-de-plus-en-plus-populaire-chez-les-seniors-12742662.php\" rel=\"nofollow noopener\" target=\"_blank\">Explosion de la pratique du golf dans l\u2019Aude et les P.-O.\u00a0: une addiction de plus en plus populaire chez les s\u00e9niors<\/a>\n    <\/p>\n<p class=\"std-elt__inline\">\n        <strong>\u00c0 lire aussi :<\/strong><br \/>\n        <a href=\"https:\/\/www.lindependant.fr\/2025\/06\/10\/dossier-le-golf-se-democratise-on-peut-jouer-jusqua-100-ans-sans-coup-ferir-il-rallonge-lesperance-de-vie-cest-un-remede-a-la-societe-prone-laudois-12738284.php\" rel=\"nofollow noopener\" target=\"_blank\">Explosion de la pratique du golf dans l&rsquo;Aude et les P.-O.\u00a0: \u00ab\u00a0On peut jouer jusqu\u2019\u00e0 100 ans sans coup f\u00e9rir, il rallonge l\u2019esp\u00e9rance de vie, c\u2019est un rem\u00e8de \u00e0 la soci\u00e9t\u00e9\u00a0\u00bb, pr\u00f4ne l\u2019Audois Serge Clavel<\/a>\n    <\/p>\n<p>Heureux de voir son terrain\u00a0reverdir. La communaut\u00e9 de communes Sud-Roussillon lui est venue au secours. \u00ab\u00a0Elle a reli\u00e9\u00a0la station d\u2019\u00e9puration de la ville \u00e0 notre\u00a0p\u00f4le d\u2019arrosage par une canalisation. Maintenant, nous recevons directement l\u2019eau n\u00e9cessaire \u00e0 l\u2019entretien.\u00a0\u00bb\u00a0Par chance \u00e9galement, la pluie du printemps est tomb\u00e9e \u00e0 pic.\u00a0\u00ab\u00a0Notre 18 trous est plat, bord\u00e9 par deux \u00e9tangs class\u00e9s\u00a0en r\u00e9serve naturelle. Le parcours est immerg\u00e9 dans la nature qui s\u2019\u00e9tait habitu\u00e9e \u00e0 \u00eatre humide et a souffert.\u00a0\u00bb Thibault Lormand compte sur la magie de la libert\u00e9\u00a0offerte par son site. \u00ab\u00a0\u00c9norm\u00e9ment de golfs se sont construits avec l\u2019immobilier autour, ce bonheur de jouer en pleine nature est exceptionnel\u00a0\u00bb, go\u00fbte-t-il.\u00a0Sans avoir eu l\u2019intention de vendre\u00a0? \u00ab\u00a0Ce n\u2019\u00e9tait pas la solution.\u00a0Cela se fera peut-\u00eatre au gr\u00e9 des opportunit\u00e9s.\u00a0\u00bb D\u2019ici l\u00e0, il amortit\u00a0son complexe gr\u00e2ce aux autres \u00e9tablissements du groupe Lormand. Les touristes peuvent arriver.<\/p>\n","protected":false},"excerpt":{"rendered":"\u00c0 Saint-Cyprien, ce mois de juin\u00a02025, le golf reverdit mais garde encore des stigmates de la s\u00e9cheresse. \u00a0\u00bb&hellip;\n","protected":false},"author":2,"featured_media":213478,"comment_status":"","ping_status":"","sticky":false,"template":"","format":"standard","meta":{"footnotes":""},"categories":[1418],"tags":[1011,27,1472,60],"class_list":{"0":"post-213477","1":"post","2":"type-post","3":"status-publish","4":"format-standard","5":"has-post-thumbnail","7":"category-golf","8":"tag-fr","9":"tag-france","10":"tag-golf","11":"tag-sports"},"share_on_mastodon":{"url":"https:\/\/pubeurope.com\/@fr\/114767132323483223","error":""},"_links":{"self":[{"href":"https:\/\/www.europesays.com\/fr\/wp-json\/wp\/v2\/posts\/213477","targetHints":{"allow":["GET"]}}],"collection":[{"href":"https:\/\/www.europesays.com\/fr\/wp-json\/wp\/v2\/posts"}],"about":[{"href":"https:\/\/www.europesays.com\/fr\/wp-json\/wp\/v2\/types\/post"}],"author":[{"embeddable":true,"href":"https:\/\/www.europesays.com\/fr\/wp-json\/wp\/v2\/users\/2"}],"replies":[{"embeddable":true,"href":"https:\/\/www.europesays.com\/fr\/wp-json\/wp\/v2\/comments?post=213477"}],"version-history":[{"count":0,"href":"https:\/\/www.europesays.com\/fr\/wp-json\/wp\/v2\/posts\/213477\/revisions"}],"wp:featuredmedia":[{"embeddable":true,"href":"https:\/\/www.europesays.com\/fr\/wp-json\/wp\/v2\/media\/213478"}],"wp:attachment":[{"href":"https:\/\/www.europesays.com\/fr\/wp-json\/wp\/v2\/media?parent=213477"}],"wp:term":[{"taxonomy":"category","embeddable":true,"href":"https:\/\/www.europesays.com\/fr\/wp-json\/wp\/v2\/categories?post=213477"},{"taxonomy":"post_tag","embeddable":true,"href":"https:\/\/www.europesays.com\/fr\/wp-json\/wp\/v2\/tags?post=213477"}],"curies":[{"name":"wp","href":"https:\/\/api.w.org\/{rel}","templated":true}]}}