{"id":213479,"date":"2025-06-29T14:31:10","date_gmt":"2025-06-29T14:31:10","guid":{"rendered":"https:\/\/www.europesays.com\/fr\/213479\/"},"modified":"2025-06-29T14:31:10","modified_gmt":"2025-06-29T14:31:10","slug":"la-mere-du-rugbyman-federico-aramburu-tue-par-balles-il-y-a-trois-ans-a-paris-charge-les-politiques-francais","status":"publish","type":"post","link":"https:\/\/www.europesays.com\/fr\/213479\/","title":{"rendered":"la m\u00e8re du rugbyman Federico Aramburu, tu\u00e9 par balles il y a trois ans \u00e0 Paris, charge les politiques fran\u00e7ais"},"content":{"rendered":"<p>Trois ans apr\u00e8s l\u2019assassinat \u00e0 Paris de l\u2019ancien joueur de rugby Federico Martin Aramburu, la m\u00e8re de l\u2019Argentin a interpell\u00e9 le ministre de l\u2019int\u00e9rieur Bruno Retailleau dimanche sur BFMTV.<\/p>\n<p class=\"fig-paragraph\">Cecilia Aramburu vide son sac. Le 19 mars 2022,\u00a0<a href=\"http:\/\/www.lefigaro.fr\/sports\/rugby\/rugby-tu-nous-manques-tous-les-jours-les-hommages-a-la-memoire-de-federico-martin-aramburu-assassine-il-y-a-trois-ans-20250319\" data-fig-type=\"NewsFlash\" data-gtm-custom-categorie=\"navigation\" data-gtm-custom-action=\"crossclick\" data-gtm-custom-label=\"Contextuel\" data-gtm-event=\"customEventSPE\" data-fig-domain=\"LEFIGARO\" target=\"_blank\" rel=\"noopener\">son fils et ex-rugbyman Federico<\/a>, notamment pass\u00e9 par Perpignan ou encore Biarritz, est\u00a0<a href=\"http:\/\/www.lefigaro.fr\/faits-divers\/mort-du-rugbyman-aramburu-proces-pour-assassinat-requis-pour-deux-militants-d-ultradroite-20240805\" data-fig-type=\"NewsFlash\" data-gtm-custom-categorie=\"navigation\" data-gtm-custom-action=\"crossclick\" data-gtm-custom-label=\"Contextuel\" data-gtm-event=\"customEventSPE\" data-fig-domain=\"LEFIGARO\" target=\"_blank\" rel=\"noopener\">tu\u00e9 par balles<\/a>, \u00e0 42 ans, sur un trottoir du 6e arrondissement de la capitale. Trois ans apr\u00e8s le drame, la m\u00e8re du centre d\u00e9c\u00e9d\u00e9 ne d\u00e9col\u00e8re pas et en a gros sur le c\u0153ur. Les deux principaux suspects de cette affaire,\u00a0<a href=\"http:\/\/www.lefigaro.fr\/sports\/rugby\/meurtre-du-rugbyman-aramburu-les-deux-militants-d-ultradroite-seront-juges-aux-assises-pour-assassinat-20241025\" data-fig-type=\"NewsFlash\" data-gtm-custom-categorie=\"navigation\" data-gtm-custom-action=\"crossclick\" data-gtm-custom-label=\"Contextuel\" data-gtm-event=\"customEventSPE\" data-fig-domain=\"LEFIGARO\" target=\"_blank\" rel=\"noopener\">Romain Bouvier et Lo\u00efk Le Priol<\/a>\u00a0\u2014 connus pour appartenir \u00e0 la mouvance d\u2019ultradroite et d\u00e9j\u00e0 condamn\u00e9s pour des violences \u2014 n\u2019ont toujours pas \u00e9t\u00e9 jug\u00e9s pour \u00abtentative d\u2019assassinat\u00bb et \u00abassassinat\u00bb devant la cour d\u2019assises de Paris. La date\u00a0<a href=\"http:\/\/www.lefigaro.fr\/sports\/rugby\/meurtre-du-rugbyman-aramburu-le-proces-pour-assassinat-confirme-20250214\" data-fig-type=\"NewsFlash\" data-gtm-custom-categorie=\"navigation\" data-gtm-custom-action=\"crossclick\" data-gtm-custom-label=\"Contextuel\" data-gtm-event=\"customEventSPE\" data-fig-domain=\"LEFIGARO\" target=\"_blank\" rel=\"noopener\">du proc\u00e8s<\/a>\u00a0n\u2019\u00e9tant toujours pas fix\u00e9e, l\u2019Argentine s\u2019est attaqu\u00e9e au ministre de l\u2019int\u00e9rieur\u00a0<a href=\"http:\/\/www.lefigaro.fr\/politique\/a-paris-bruno-retailleau-appelle-le-conseil-national-des-republicains-a-refonder-la-droite-pour-relever-la-france-20250628\" data-fig-type=\"Article\" data-gtm-custom-categorie=\"navigation\" data-gtm-custom-action=\"crossclick\" data-gtm-custom-label=\"Contextuel\" data-gtm-event=\"customEventSPE\" data-fig-domain=\"LEFIGARO\" target=\"_blank\" rel=\"noopener\">Bruno Retailleau<\/a>\u00a0dimanche sur BFMTV, en pointant du doigt le laxisme des politiques fran\u00e7ais.<\/p>\n<p class=\"fig-body-link\">\n            \u00c0 lire aussi<br \/>\n        <a class=\"fig-body-link__link\" href=\"http:\/\/www.lefigaro.fr\/sports\/rugby\/rugby-tu-nous-manques-tous-les-jours-les-hommages-a-la-memoire-de-federico-martin-aramburu-assassine-il-y-a-trois-ans-20250319\" data-fig-type=\"NewsFlash\" data-gtm-custom-categorie=\"navigation\" data-gtm-custom-action=\"crossclick\" data-gtm-custom-label=\"Contextuel\" data-gtm-event=\"customEventSPE\" data-fig-domain=\"LEFIGARO\" target=\"_blank\" rel=\"noopener\">Rugby\u00a0: \u00abTu nous manques tous les jours\u00bb, les hommages \u00e0 la m\u00e9moire de Federico Martin Aramburu assassin\u00e9 il y a trois ans<br \/>\n    <\/a>\n<\/p>\n<blockquote class=\"fig-quote&#10;    \">\n<p class=\"fig-quote__text\">La responsabilit\u00e9 des politiques est bien de condamner ce type d\u2019acte ou bien de continuer \u00e0 garder le silence comme \u00e7a a \u00e9t\u00e9 le cas avec mon fils\u00a0?<\/p>\n<p>            Cecilia Aramburu\n    <\/p><\/blockquote>\n<p class=\"fig-paragraph\">\u00abJe voudrais rappeler que quand le crime de notre fils, Federico, a eu lieu, c\u2019\u00e9tait une p\u00e9riode \u00e9lectorale. Il n\u2019y a pas eu de condamnation du gouvernement. Personne ne s\u2019est manifest\u00e9. Nous avons appris que les auteurs \u00e9taient des personnes tr\u00e8s dangereuses, qu\u2019ils ne pouvaient pas \u00eatre ensemble, qu\u2019ils \u00e9taient arm\u00e9s, et qu\u2019ils avaient un arsenal chez eux et armes \u00e0 la ceinture. Il y a clairement eu des manquements dans toutes les proc\u00e9dures. Le silence officiel a \u00e9t\u00e9 terrible\u00bb, a d\u00e9clar\u00e9 Cecilia Aramburu, avant d\u2019ajouter\u00a0: \u00abC\u2019est un tr\u00e8s fort d\u00e9saveu pour le gouvernement de m\u00eame que l\u2019assassinat d\u2019Hichem Miraoui le 31 mai dernier. \u00c0 ce moment-l\u00e0, le gouvernement et m\u00eame\u00a0<a href=\"http:\/\/www.lefigaro.fr\/politique\/marine-le-pen-et-jordan-bardella-le-flou-d-une-double-candidature-a-la-presidentielle-20250626\" data-fig-type=\"Article\" data-gtm-custom-categorie=\"navigation\" data-gtm-custom-action=\"crossclick\" data-gtm-custom-label=\"Contextuel\" data-gtm-event=\"customEventSPE\" data-fig-domain=\"LEFIGARO\" target=\"_blank\" rel=\"noopener\">Marine Le Pen<\/a> \u00a0ont dit qu\u2019on ne pouvait pas tol\u00e9rer \u00e7a en France\u00a0! Je voulais demander si la responsabilit\u00e9 des politiques est bien de condamner ce type d\u2019acte ou bien de continuer \u00e0 garder le silence comme \u00e7a a \u00e9t\u00e9 le cas avec mon fils\u00a0?\u00bb<\/p>\n<p class=\"fig-body-link\">\n            \u00c0 lire aussi<br \/>\n        <a class=\"fig-body-link__link\" href=\"http:\/\/www.lefigaro.fr\/sports\/rugby\/meurtre-du-rugbyman-aramburu-le-proces-pour-assassinat-confirme-20250214\" data-fig-type=\"NewsFlash\" data-gtm-custom-categorie=\"navigation\" data-gtm-custom-action=\"crossclick\" data-gtm-custom-label=\"Contextuel\" data-gtm-event=\"customEventSPE\" data-fig-domain=\"LEFIGARO\" target=\"_blank\" rel=\"noopener\">Meurtre du rugbyman Aramburu\u00a0: le proc\u00e8s pour assassinat confirm\u00e9<br \/>\n    <\/a>\n<\/p>\n<p>Retailleau se d\u00e9fend<\/p>\n<p class=\"fig-paragraph\">Apr\u00e8s avoir rappel\u00e9 qu\u2019il n\u2019\u00e9tait pas au gouvernement en 2022 au moment des faits, Bruno Retailleau a affirm\u00e9 \u00eatre \u00abs\u00fbr que le gouvernement de l\u2019\u00e9poque (le Premier ministre \u00e9tait Jean Castex) r\u00e9prouvait tous les actes racistes.\u00bb \u00c0 la suite, le ministre de l\u2019Int\u00e9rieur est revenu sur l\u2019assassinat du Tunisien\u00a0<a href=\"http:\/\/www.lefigaro.fr\/faits-divers\/meurtre-d-un-tunisien-dans-le-var-deux-marches-blanches-organisees-ce-dimanche-en-hommage-a-hichem-miraoui-20250608\" data-fig-type=\"NewsFlash\" data-gtm-custom-categorie=\"navigation\" data-gtm-custom-action=\"crossclick\" data-gtm-custom-label=\"Contextuel\" data-gtm-event=\"customEventSPE\" data-fig-domain=\"LEFIGARO\" target=\"_blank\" rel=\"noopener\">Hichem Miraoui<\/a>, abattu le 31 mai dernier par son voisin \u00e0 Puget-sur-Argens dans le Var. \u00abLe Parquet national antiterroriste s\u2019en est saisi. J\u2019ai m\u00eame indiqu\u00e9 que c\u2019\u00e9tait peut-\u00eatre le premier crime terroriste commis sur le sol fran\u00e7ais que l\u2019on devait \u00e0 la mouvance d\u2019ultra-droite\u00bb, a alors indiqu\u00e9 Bruno Retailleau.<\/p>\n","protected":false},"excerpt":{"rendered":"Trois ans apr\u00e8s l\u2019assassinat \u00e0 Paris de l\u2019ancien joueur de rugby Federico Martin Aramburu, la m\u00e8re de l\u2019Argentin&hellip;\n","protected":false},"author":2,"featured_media":213480,"comment_status":"","ping_status":"","sticky":false,"template":"","format":"standard","meta":{"footnotes":""},"categories":[1416],"tags":[2306,6744,525,2309,1981,2313,1089,451,814,35332,1011,27,955,2308,2311,1980,479,1468,2259,2307,60,478,2310,2312,513],"class_list":{"0":"post-213479","1":"post","2":"type-post","3":"status-publish","4":"format-standard","5":"has-post-thumbnail","7":"category-rugby","8":"tag-6-nations","9":"tag-assassinat","10":"tag-calendrier","11":"tag-challenge-europeen","12":"tag-classement","13":"tag-clermont","14":"tag-coupe-deurope","15":"tag-coupe-du-monde","16":"tag-direct","17":"tag-federico-martin-aramburu","18":"tag-fr","19":"tag-france","20":"tag-match","21":"tag-pro-d2","22":"tag-racing","23":"tag-resultats","24":"tag-rugby","25":"tag-rugby-football","26":"tag-score","27":"tag-six-nations","28":"tag-sports","29":"tag-top-14","30":"tag-toulon","31":"tag-toulouse","32":"tag-xv-de-france"},"share_on_mastodon":{"url":"https:\/\/pubeurope.com\/@fr\/114767140207665166","error":""},"_links":{"self":[{"href":"https:\/\/www.europesays.com\/fr\/wp-json\/wp\/v2\/posts\/213479","targetHints":{"allow":["GET"]}}],"collection":[{"href":"https:\/\/www.europesays.com\/fr\/wp-json\/wp\/v2\/posts"}],"about":[{"href":"https:\/\/www.europesays.com\/fr\/wp-json\/wp\/v2\/types\/post"}],"author":[{"embeddable":true,"href":"https:\/\/www.europesays.com\/fr\/wp-json\/wp\/v2\/users\/2"}],"replies":[{"embeddable":true,"href":"https:\/\/www.europesays.com\/fr\/wp-json\/wp\/v2\/comments?post=213479"}],"version-history":[{"count":0,"href":"https:\/\/www.europesays.com\/fr\/wp-json\/wp\/v2\/posts\/213479\/revisions"}],"wp:featuredmedia":[{"embeddable":true,"href":"https:\/\/www.europesays.com\/fr\/wp-json\/wp\/v2\/media\/213480"}],"wp:attachment":[{"href":"https:\/\/www.europesays.com\/fr\/wp-json\/wp\/v2\/media?parent=213479"}],"wp:term":[{"taxonomy":"category","embeddable":true,"href":"https:\/\/www.europesays.com\/fr\/wp-json\/wp\/v2\/categories?post=213479"},{"taxonomy":"post_tag","embeddable":true,"href":"https:\/\/www.europesays.com\/fr\/wp-json\/wp\/v2\/tags?post=213479"}],"curies":[{"name":"wp","href":"https:\/\/api.w.org\/{rel}","templated":true}]}}