{"id":213483,"date":"2025-06-29T14:33:11","date_gmt":"2025-06-29T14:33:11","guid":{"rendered":"https:\/\/www.europesays.com\/fr\/213483\/"},"modified":"2025-06-29T14:33:11","modified_gmt":"2025-06-29T14:33:11","slug":"la-ffbb-ouvre-les-portes-de-son-musee-au-public","status":"publish","type":"post","link":"https:\/\/www.europesays.com\/fr\/213483\/","title":{"rendered":"la FFBB ouvre les portes de son mus\u00e9e au public"},"content":{"rendered":"<p style=\"text-align: justify;\"><b>\u00c0 l\u2019occasion des Journ\u00e9es du Patrimoine, la F\u00e9d\u00e9ration Fran\u00e7aise de BasketBall (FFBB) invite le public \u00e0 d\u00e9couvrir gratuitement son espace mus\u00e9al \u00e0 Paris le 21 septembre. L\u2019occasion unique d\u2019explorer les coulisses du basket fran\u00e7ais et de plonger dans une m\u00e9moire collective riche en exploits.<\/b><\/p>\n<p style=\"text-align: justify;\">Une immersion rare dans l\u2019histoire du basket fran\u00e7ais ! Install\u00e9 au si\u00e8ge de la f\u00e9d\u00e9ration, dans le 13\u1d49 arrondissement de Paris (117 rue du Ch\u00e2teau-des-Rentiers), l\u2019espace mus\u00e9al FFBB ouvrira exceptionnellement ses portes au public lors des prochaines Journ\u00e9es du Patrimoine. Gratuit et accessible le 21 septembre de 10h \u00e0 18h, ce lieu habituellement r\u00e9serv\u00e9 aux initi\u00e9s rassemble maillots historiques, troph\u00e9es embl\u00e9matiques, m\u00e9dailles, affiches anciennes, documents rares et objets ayant appartenu aux grandes figures du basket fran\u00e7ais.<\/p>\n<p style=\"text-align: justify;\"><strong><a href=\"https:\/\/www.sportmag.fr\/basket-la-ffbb-et-landes-unis-pour-le-developpement-du-basket-francais\/\" target=\"_blank\" rel=\"noopener\">Cr\u00e9\u00e9 en partenariat avec l\u2019association Mus\u00e9e du Basket, cet espace est bien plus qu\u2019une simple salle d\u2019exposition.<\/a><\/strong> Il retrace plus de cent ans de basket en France, de ses origines jusqu\u2019aux exploits r\u00e9cents des \u00e9quipes nationales. Il abrite \u00e9galement le centre de documentation Yvan Mainini, du nom de l\u2019ancien pr\u00e9sident de la FFBB et de la FIBA, riche en ouvrages sp\u00e9cialis\u00e9s et archives.<\/p>\n<p style=\"text-align: justify;\"><a href=\"https:\/\/www.sportmag.fr\/abonnement\/\" target=\"_blank\" rel=\"noopener\"><img loading=\"lazy\" decoding=\"async\" class=\"size-medium wp-image-161120 alignleft\" src=\"data:image\/svg+xml,%3Csvg%20xmlns=\" http:=\"\" alt=\"\" width=\"213\" height=\"300\" data-lazy- data-lazy- data-lazy-src=\"https:\/\/www.europesays.com\/fr\/wp-content\/uploads\/2025\/06\/Pub-213x300.jpg\"\/><\/a><\/p>\n<p><b>Visites comment\u00e9es et pi\u00e8ces d\u2019exception<\/b><\/p>\n<p style=\"text-align: justify;\">Tout au long du week-end, les visiteurs pourront suivre des visites comment\u00e9es par les membres de la Commission Patrimoine &amp; L\u00e9gendes de la FFBB. Ces derniers feront d\u00e9couvrir les lieux, tout en partageant anecdotes et histoires oubli\u00e9es du basket fran\u00e7ais. Plusieurs anciens internationaux seront \u00e9galement pr\u00e9sents pour \u00e9changer avec le public et t\u00e9moigner de leur parcours en bleu.<\/p>\n<p style=\"text-align: justify;\">Un moment fort est \u00e9galement pr\u00e9vu \u00e0 15h30, avec la pr\u00e9sentation d\u2019une pi\u00e8ce unique : une banni\u00e8re de l\u2019Union Chr\u00e9tienne des Jeunes Gens de Paris datant de 1894, consid\u00e9r\u00e9e comme l\u2019un des plus anciens objets li\u00e9s \u00e0 l\u2019histoire du basket \u00e0 l\u2019\u00e9chelle mondiale. Un tr\u00e9sor patrimonial rarement d\u00e9voil\u00e9 au grand public.<\/p>\n<p style=\"text-align: justify;\">Ainsi, avec cette ouverture exceptionnelle, la FFBB rappelle que le sport est aussi une histoire, une culture, et un patrimoine \u00e0 part enti\u00e8re. Le temps d\u2019une journ\u00e9e, tous les amoureux de la balle orange, qu\u2019ils soient nostalgiques des ann\u00e9es Parker (voire encore avant !) ou jeunes passionn\u00e9s, pourront se rassembler pour c\u00e9l\u00e9brer les grandes heures du basket fran\u00e7ais.<\/p>\n","protected":false},"excerpt":{"rendered":"\u00c0 l\u2019occasion des Journ\u00e9es du Patrimoine, la F\u00e9d\u00e9ration Fran\u00e7aise de BasketBall (FFBB) invite le public \u00e0 d\u00e9couvrir gratuitement&hellip;\n","protected":false},"author":2,"featured_media":213484,"comment_status":"","ping_status":"","sticky":false,"template":"","format":"standard","meta":{"footnotes":""},"categories":[1414],"tags":[1465,1464,1011,27,60],"class_list":{"0":"post-213483","1":"post","2":"type-post","3":"status-publish","4":"format-standard","5":"has-post-thumbnail","7":"category-basket","8":"tag-basket","9":"tag-basketball","10":"tag-fr","11":"tag-france","12":"tag-sports"},"share_on_mastodon":{"url":"https:\/\/pubeurope.com\/@fr\/114767148253287032","error":""},"_links":{"self":[{"href":"https:\/\/www.europesays.com\/fr\/wp-json\/wp\/v2\/posts\/213483","targetHints":{"allow":["GET"]}}],"collection":[{"href":"https:\/\/www.europesays.com\/fr\/wp-json\/wp\/v2\/posts"}],"about":[{"href":"https:\/\/www.europesays.com\/fr\/wp-json\/wp\/v2\/types\/post"}],"author":[{"embeddable":true,"href":"https:\/\/www.europesays.com\/fr\/wp-json\/wp\/v2\/users\/2"}],"replies":[{"embeddable":true,"href":"https:\/\/www.europesays.com\/fr\/wp-json\/wp\/v2\/comments?post=213483"}],"version-history":[{"count":0,"href":"https:\/\/www.europesays.com\/fr\/wp-json\/wp\/v2\/posts\/213483\/revisions"}],"wp:featuredmedia":[{"embeddable":true,"href":"https:\/\/www.europesays.com\/fr\/wp-json\/wp\/v2\/media\/213484"}],"wp:attachment":[{"href":"https:\/\/www.europesays.com\/fr\/wp-json\/wp\/v2\/media?parent=213483"}],"wp:term":[{"taxonomy":"category","embeddable":true,"href":"https:\/\/www.europesays.com\/fr\/wp-json\/wp\/v2\/categories?post=213483"},{"taxonomy":"post_tag","embeddable":true,"href":"https:\/\/www.europesays.com\/fr\/wp-json\/wp\/v2\/tags?post=213483"}],"curies":[{"name":"wp","href":"https:\/\/api.w.org\/{rel}","templated":true}]}}