{"id":213496,"date":"2025-06-29T14:40:18","date_gmt":"2025-06-29T14:40:18","guid":{"rendered":"https:\/\/www.europesays.com\/fr\/213496\/"},"modified":"2025-06-29T14:40:18","modified_gmt":"2025-06-29T14:40:18","slug":"a-la-bibliotheque-de-guerledan-les-tout-petits-ont-profite-de-loperation-partir-en-livre","status":"publish","type":"post","link":"https:\/\/www.europesays.com\/fr\/213496\/","title":{"rendered":"\u00c0 la biblioth\u00e8que de Guerl\u00e9dan, les tout-petits ont profit\u00e9 de l\u2019op\u00e9ration Partir en livre"},"content":{"rendered":"<p>Vendredi 27 juin, la <a href=\"https:\/\/www.letelegramme.fr\/cotes-d-armor\/guerledan-22530\/et-le-prix-des-lecteurs-des-bibliotheques-de-bretagne-centre-est-decerne-a-6822500.php\" title=\"www.letelegramme.fr\" rel=\"nofollow noopener\" target=\"_blank\">biblioth\u00e8que du centre culturel Alain-Auffret de Guerl\u00e9dan <\/a>a accueilli Christelle Tonnelier du CIAS (Centre intercommunal d\u2019action sociale) de Loud\u00e9ac Communaut\u00e9 Bretagne Centre dans le cadre de l\u2019op\u00e9ration Partir en livre. Initialement pr\u00e9vu dans le parc de la mairie, le rendez-vous a \u00e9t\u00e9 fait \u00e0 l\u2019int\u00e9rieur \u00e0 cause d\u2019averses. Ana\u00efs Serre, animatrice de la biblioth\u00e8que, \u00e9tait avec Christelle pour captiver l\u2019attention de la douzaine de jeunes enfants pr\u00e9sents avec leurs parents ou assistantes maternelles. Pendant une heure, petits et grands ont savour\u00e9 ces instants ludiques.<\/p>\n","protected":false},"excerpt":{"rendered":"Vendredi 27 juin, la biblioth\u00e8que du centre culturel Alain-Auffret de Guerl\u00e9dan a accueilli Christelle Tonnelier du CIAS (Centre&hellip;\n","protected":false},"author":2,"featured_media":213497,"comment_status":"","ping_status":"","sticky":false,"template":"","format":"standard","meta":{"footnotes":""},"categories":[1357],"tags":[1379,251,58,59,1011,27,11890,4075,1351,1380,10585],"class_list":{"0":"post-213496","1":"post","2":"type-post","3":"status-publish","4":"format-standard","5":"has-post-thumbnail","7":"category-livres","8":"tag-books","9":"tag-culture","10":"tag-divertissement","11":"tag-entertainment","12":"tag-fr","13":"tag-france","14":"tag-guerledan","15":"tag-jeunesse","16":"tag-litterature","17":"tag-livres","18":"tag-petite-enfance"},"share_on_mastodon":{"url":"https:\/\/pubeurope.com\/@fr\/114767175691134848","error":""},"_links":{"self":[{"href":"https:\/\/www.europesays.com\/fr\/wp-json\/wp\/v2\/posts\/213496","targetHints":{"allow":["GET"]}}],"collection":[{"href":"https:\/\/www.europesays.com\/fr\/wp-json\/wp\/v2\/posts"}],"about":[{"href":"https:\/\/www.europesays.com\/fr\/wp-json\/wp\/v2\/types\/post"}],"author":[{"embeddable":true,"href":"https:\/\/www.europesays.com\/fr\/wp-json\/wp\/v2\/users\/2"}],"replies":[{"embeddable":true,"href":"https:\/\/www.europesays.com\/fr\/wp-json\/wp\/v2\/comments?post=213496"}],"version-history":[{"count":0,"href":"https:\/\/www.europesays.com\/fr\/wp-json\/wp\/v2\/posts\/213496\/revisions"}],"wp:featuredmedia":[{"embeddable":true,"href":"https:\/\/www.europesays.com\/fr\/wp-json\/wp\/v2\/media\/213497"}],"wp:attachment":[{"href":"https:\/\/www.europesays.com\/fr\/wp-json\/wp\/v2\/media?parent=213496"}],"wp:term":[{"taxonomy":"category","embeddable":true,"href":"https:\/\/www.europesays.com\/fr\/wp-json\/wp\/v2\/categories?post=213496"},{"taxonomy":"post_tag","embeddable":true,"href":"https:\/\/www.europesays.com\/fr\/wp-json\/wp\/v2\/tags?post=213496"}],"curies":[{"name":"wp","href":"https:\/\/api.w.org\/{rel}","templated":true}]}}