{"id":213502,"date":"2025-06-29T14:44:08","date_gmt":"2025-06-29T14:44:08","guid":{"rendered":"https:\/\/www.europesays.com\/fr\/213502\/"},"modified":"2025-06-29T14:44:08","modified_gmt":"2025-06-29T14:44:08","slug":"au-bout-de-quatre-mois-il-sest-passe-quelque-chose","status":"publish","type":"post","link":"https:\/\/www.europesays.com\/fr\/213502\/","title":{"rendered":"\u00ab\u00a0 Au bout de quatre mois, il s\u2019est pass\u00e9 quelque chose&#8230;\u201d\u00a0"},"content":{"rendered":"<p>\u00c0\u00a035\u00a0ans, il a consult\u00e9 son m\u00e9decin g\u00e9n\u00e9raliste parce qu\u2019il avait des reflux gastriques apr\u00e8s les repas. Autant dire une broutille, presque rien. Sinon, tout allait bien. Yann en pleine force de l\u2019\u00e2ge, vie \u00e9quilibr\u00e9e, alimentation correcte, plut\u00f4t sportif. Normal. \u00ab\u00a0Tout a bascul\u00e9 parce qu\u2019un jour, je n\u2019arrivais plus \u00e0 avaler, la nourriture est rest\u00e9e coinc\u00e9e et j\u2019ai d\u00fb filer aux urgences, se souvient-il. J\u2019ai subi quelques examens, scanner, IRM.<a href=\"https:\/\/www.sudouest.fr\/sante\/destination-sante\/journee-mondiale-contre-le-cancer-une-explosion-des-cas-de-cancers-digestifs-chez-les-jeunes-23120154.php\" rel=\"nofollow noopener\" target=\"_blank\"> Le diagnostic est tomb\u00e9, cancer de la t\u00eate du pancr\u00e9as avanc\u00e9, \u00e0 un stade m\u00e9tastatique<\/a> qui s\u2019\u00e9tait propag\u00e9 au foie. Un coup de massue.\u00a0\u00bb Tout de suite il sait, il sait parce qu\u2019il veut savoir, se renseigne, questionne.<\/p>\n<p>Ses chances de gu\u00e9rison sont proches de z\u00e9ro\u00a0: \u00ab\u00a02\u00a0% de taux de survie \u00e0 cinq\u00a0ans et aucune option curative, que du palliatif, pour moins souffrir.\u00a0\u00bb Il a\u00a035 ans et toute sa vie devant lui. Yann Bizien va accepter toutes les th\u00e9rapies propos\u00e9es, comme un bon soldat. \u00ab\u00a0Apr\u00e8s une chirurgie basique pour me permettre de continuer \u00e0 m\u2019alimenter normalement, j\u2019ai encha\u00een\u00e9 sur les protocoles de chimioth\u00e9rapie, un cycle de 12 s\u00e9ances. Des doses maximales. J\u2019avais du mal \u00e0 encaisser, les effets secondaires \u00e9taient lourds, \u00e9puisants, d\u00e9labrants.\u00a0\u00bb<\/p>\n<p>\u00ab\u00a0Les deux ou trois premiers mois, il ne se passait rien, comme si la chimio n\u2019avait aucun effet positif sur la progression de la maladie. Au bout de quatre mois, il s\u2019est pass\u00e9 quelque chose\u00a0: tous les marqueurs du cancer ont commenc\u00e9 \u00e0 r\u00e9gresser. Au fur et \u00e0 mesure que je subissais des examens d\u2019imagerie, IRM ou scanner, on voyait bien que la tumeur diminuait. Au niveau sanguin aussi, tout semblait r\u00e9gresser. Au bout de six mois, l\u2019imagerie ne montrait plus rien, il ne restait rien de la tumeur, enfin, je veux dire rien de visible.\u00a0\u00bb<\/p>\n<p>R\u00e9mittence\u2026 r\u00e9mission, et apr\u00e8s\u00a0?<\/p>\n<p>Au bout des six mois, Yann semble se redresser, il va mieux. On parle alors d\u2019une r\u00e9mittence de sa maladie, sans s\u2019emballer, rien n\u2019est gagn\u00e9 pour autant. Pendant quatre\u00a0ans, Yann va se contenter d\u2019une chimio dite \u00ab\u00a0d\u2019entretien\u00a0\u00bb, histoire de contenir le cancer. Il est suivi de pr\u00e8s, subi des examens tr\u00e8s r\u00e9guliers, imagerie, analyses de sang. Ce sont ces derni\u00e8res qui, un jour, montrent un petit souci. Un doute. \u00ab\u00a0L\u2019h\u00f4pital Foch qui me suivait \u00e0 Suresnes a multipli\u00e9 les examens, puis il \u00e9tait \u00e9vident que la maladie avait repris du poil de la b\u00eate, pr\u00e9cise Yann. Il fallait op\u00e9rer, une op\u00e9ration risqu\u00e9e, mais indispensable. J\u2019ai subi un cycle de chimio puissante avant l\u2019op\u00e9ration, une intervention de huit heures\u00a0: op\u00e9rer le pancr\u00e9as est risqu\u00e9. Les suites op\u00e9ratoires ont \u00e9t\u00e9 \u00e9puisantes, tr\u00e8s. J\u2019ai mis beaucoup de temps \u00e0 \u00e9merger.\u00a0\u00bb<\/p>\n<p>\u00ab\u00a0Il a fallu que je subisse une autre s\u00e9rie de chimio. Mais ce furent mes ultimes traitements, car depuis, ma sant\u00e9 est remont\u00e9e en fl\u00e8che. Les images ne montrent rien d\u2019anormal, ni les analyses sanguines. Je suis encore tr\u00e8s suivi par l\u2019\u00e9quipe d\u2019oncologues de Suresnes, mais je vais bien depuis cette op\u00e9ration, fin 2022. \u00ab\u00a0Yann a accept\u00e9 de rejoindre la cohorte des 1\u00a0000 survivants, mieux encore, il a pris la t\u00eate du comit\u00e9 des patients afin d\u2019int\u00e9grer leur parole de t\u00e9moins, au c\u0153ur du projet de recherche. \u00ab\u00a0L\u2019approche est formidable, scientifique, valid\u00e9e et donne du sens \u00e0 ma gu\u00e9rison, m\u00eame si ce mot est encore tabou.\u00a0\u00bb<\/p>\n","protected":false},"excerpt":{"rendered":"\u00c0\u00a035\u00a0ans, il a consult\u00e9 son m\u00e9decin g\u00e9n\u00e9raliste parce qu\u2019il avait des reflux gastriques apr\u00e8s les repas. Autant dire&hellip;\n","protected":false},"author":2,"featured_media":213503,"comment_status":"","ping_status":"","sticky":false,"template":"","format":"standard","meta":{"footnotes":""},"categories":[10],"tags":[1011,27,72,71],"class_list":{"0":"post-213502","1":"post","2":"type-post","3":"status-publish","4":"format-standard","5":"has-post-thumbnail","7":"category-sante","8":"tag-fr","9":"tag-france","10":"tag-health","11":"tag-sante"},"share_on_mastodon":{"url":"https:\/\/pubeurope.com\/@fr\/114767191303720112","error":""},"_links":{"self":[{"href":"https:\/\/www.europesays.com\/fr\/wp-json\/wp\/v2\/posts\/213502","targetHints":{"allow":["GET"]}}],"collection":[{"href":"https:\/\/www.europesays.com\/fr\/wp-json\/wp\/v2\/posts"}],"about":[{"href":"https:\/\/www.europesays.com\/fr\/wp-json\/wp\/v2\/types\/post"}],"author":[{"embeddable":true,"href":"https:\/\/www.europesays.com\/fr\/wp-json\/wp\/v2\/users\/2"}],"replies":[{"embeddable":true,"href":"https:\/\/www.europesays.com\/fr\/wp-json\/wp\/v2\/comments?post=213502"}],"version-history":[{"count":0,"href":"https:\/\/www.europesays.com\/fr\/wp-json\/wp\/v2\/posts\/213502\/revisions"}],"wp:featuredmedia":[{"embeddable":true,"href":"https:\/\/www.europesays.com\/fr\/wp-json\/wp\/v2\/media\/213503"}],"wp:attachment":[{"href":"https:\/\/www.europesays.com\/fr\/wp-json\/wp\/v2\/media?parent=213502"}],"wp:term":[{"taxonomy":"category","embeddable":true,"href":"https:\/\/www.europesays.com\/fr\/wp-json\/wp\/v2\/categories?post=213502"},{"taxonomy":"post_tag","embeddable":true,"href":"https:\/\/www.europesays.com\/fr\/wp-json\/wp\/v2\/tags?post=213502"}],"curies":[{"name":"wp","href":"https:\/\/api.w.org\/{rel}","templated":true}]}}