{"id":213505,"date":"2025-06-29T14:46:09","date_gmt":"2025-06-29T14:46:09","guid":{"rendered":"https:\/\/www.europesays.com\/fr\/213505\/"},"modified":"2025-06-29T14:46:09","modified_gmt":"2025-06-29T14:46:09","slug":"kim-kardashian-soffre-un-dernier-coup-declat-a-venise","status":"publish","type":"post","link":"https:\/\/www.europesays.com\/fr\/213505\/","title":{"rendered":"Kim Kardashian s\u2019offre un dernier coup d\u2019\u00e9clat \u00e0 Venise"},"content":{"rendered":"<p>Absente de la soir\u00e9e post-mariage des Bezos, la femme d\u2019affaires a improvis\u00e9 la veille un shooting nocturne dans les ruelles de Venise, et s\u2019est v\u00eatue sans surprise d\u2019une cr\u00e9ation audacieuse.<\/p>\n<p class=\"fig-paragraph\">Alors que la plupart des invit\u00e9s du mariage de Jeff Bezos et Lauren S\u00e1nchez sirotaient encore des Spritz lors de la derni\u00e8re soir\u00e9e du week-end, ce samedi 28 juin, sur les quais de l\u2019Arsenale,\u00a0<a href=\"https:\/\/madame.lefigaro.fr\/tag\/kim-kardashian\" target=\"_blank\" rel=\"noopener\" data-gtm-custom-categorie=\"navigation\" data-gtm-custom-action=\"crossclick\" data-gtm-custom-label=\"Contextuel\" data-gtm-event=\"customEventSPE\">Kim Kardashian<\/a>, elle, avait d\u00e9j\u00e0 quitt\u00e9 Venise, pour des raisons inconnues, en jet priv\u00e9 avec sa s\u0153ur Khlo\u00e9. Mais avant de tourner la page de ces noces du si\u00e8cle, la fondatrice de Skims a tenu quand m\u00eame \u00e0 immortaliser la veille sa tenue pens\u00e9e pour la derni\u00e8re soir\u00e9e \u00e0 th\u00e8me (\u00abDolce Notte\u00bb) lors d\u2019une session improvis\u00e9e au clair de lune.<\/p>\n<p class=\"fig-body-link&#10;    \">\n            \u00c0 lire aussi<br \/>\n        <a class=\"fig-body-link__link\" href=\"http:\/\/madame.lefigaro.fr\/style\/news\/bill-gates-kim-kardashian-oprah-winfrey-la-pyjama-party-grand-luxe-du-mariage-bezos-20250629\" data-fig-type=\"Article\" data-gtm-custom-categorie=\"navigation\" data-gtm-custom-action=\"crossclick\" data-gtm-custom-label=\"Contextuel\" data-gtm-event=\"customEventSPE\" data-fig-domain=\"MADAME\" target=\"_blank\" rel=\"noopener\">Bill Gates, Kim Kardashian, Oprah Winfrey&#8230; La pyjama party grand luxe du mariage Bezos<\/a>\n<\/p>\n<p>D\u00e9fil\u00e9 impr\u00e9vu<\/p>\n<p class=\"fig-paragraph\">Comme le rapporte\u00a0<a href=\"https:\/\/pagesix.com\/2025\/06\/28\/style\/kim-kardashian-struts-her-stuff-in-lingerie-ahead-of-lauren-sanchez-and-jeff-bezos-pajama-afterparty\/\" target=\"_blank\" rel=\"nofollow noopener\" data-gtm-custom-categorie=\"navigation\" data-gtm-custom-action=\"crossclick\" data-gtm-custom-label=\"Contextuel\" data-gtm-event=\"customEventSPE\">P age Six<\/a> \u00a0ce 28 juin, dans la soir\u00e9e de vendredi, la femme d\u2019affaires a ainsi orchestr\u00e9 une s\u00e9ance photo priv\u00e9e dans les ruelles de Venise. Sur les photos partag\u00e9es par la presse people am\u00e9ricaine, Kim Kardashian portait un ensemble lingerie dans des tons chair, imagin\u00e9 par la cr\u00e9atrice anglo-turque\u00a0<a href=\"https:\/\/www.instagram.com\/dilarafindikoglu\/\" target=\"_blank\" rel=\"nofollow noopener\" data-gtm-custom-categorie=\"navigation\" data-gtm-custom-action=\"crossclick\" data-gtm-custom-label=\"Contextuel\" data-gtm-event=\"customEventSPE\">Dilara Findikoglu<\/a>. Plus pr\u00e9cis\u00e9ment, la quadrag\u00e9naire arborait un corset, agr\u00e9ment\u00e9 d\u2019une jupe en tulle transparente, accompagn\u00e9e de porte-jarretelles et de bas assortis. Le tout \u00e9tait compl\u00e9t\u00e9 par une longue \u00e9tole et un somptueux collier Lorraine Schwartz.<\/p>\n<p>Le reste du clan pour assurer la rel\u00e8ve<\/p>\n<p class=\"fig-paragraph\">Si Kim Kardashian et sa tenue audacieuse n\u2019ont finalement pas foul\u00e9 la piste de la \u00abDolce Notte\u00bb des Bezos, le reste de son clan l\u2019a fait pour elle.\u00a0<a href=\"https:\/\/madame.lefigaro.fr\/tag\/kylie-jenner\" target=\"_blank\" rel=\"noopener\" data-gtm-custom-categorie=\"navigation\" data-gtm-custom-action=\"crossclick\" data-gtm-custom-label=\"Contextuel\" data-gtm-event=\"customEventSPE\">Kylie Jenner<\/a>\u00a0a ainsi illumin\u00e9 la lagune v\u00e9nitienne avec son crop\u2011top \u00e0 mailles argent\u00e9es et sa jupe blanche, tandis que sa s\u0153ur Kendall se la jouait r\u00e9tro avec une robe costume bleu marine et un voile en mousseline de la m\u00eame teinte sur les cheveux. Leur m\u00e8re Kris Jenner d\u00e9tonnait \u00e9galement dans le d\u00e9cor avec un peignoir brod\u00e9 blanc, surmont\u00e9 d\u2019un boa \u00e0 plumes noir. Preuve, une fois encore, que le style et le sens de la mise en sc\u00e8ne sont des caract\u00e9ristiques essentielles de la famille.<\/p>\n<p>                                        <script async src=\"\/\/www.instagram.com\/embed.js\"><\/script><\/p>\n","protected":false},"excerpt":{"rendered":"Absente de la soir\u00e9e post-mariage des Bezos, la femme d\u2019affaires a improvis\u00e9 la veille un shooting nocturne dans&hellip;\n","protected":false},"author":2,"featured_media":213506,"comment_status":"","ping_status":"","sticky":false,"template":"","format":"standard","meta":{"footnotes":""},"categories":[8],"tags":[998,988,991,5417,1000,993,58,994,59,992,638,1011,27,697,8932,997,977,1930,999,989,995,973,990,996],"class_list":{"0":"post-213505","1":"post","2":"type-post","3":"status-publish","4":"format-standard","5":"has-post-thumbnail","7":"category-divertissement","8":"tag-accessoire","9":"tag-actu-mode","10":"tag-actualite-mode","11":"tag-bijoux","12":"tag-celebrites","13":"tag-defiles","14":"tag-divertissement","15":"tag-egerie-mode","16":"tag-entertainment","17":"tag-fashion-week","18":"tag-figaro","19":"tag-fr","20":"tag-france","21":"tag-jeff-bezos","22":"tag-kim-kardashian","23":"tag-lingerie","24":"tag-madame","25":"tag-mariage","26":"tag-mode-fashion-femme","27":"tag-mode-femme","28":"tag-nouvelle-tendance","29":"tag-people","30":"tag-tendance-mode","31":"tag-vetement"},"share_on_mastodon":{"url":"https:\/\/pubeurope.com\/@fr\/114767199196230046","error":""},"_links":{"self":[{"href":"https:\/\/www.europesays.com\/fr\/wp-json\/wp\/v2\/posts\/213505","targetHints":{"allow":["GET"]}}],"collection":[{"href":"https:\/\/www.europesays.com\/fr\/wp-json\/wp\/v2\/posts"}],"about":[{"href":"https:\/\/www.europesays.com\/fr\/wp-json\/wp\/v2\/types\/post"}],"author":[{"embeddable":true,"href":"https:\/\/www.europesays.com\/fr\/wp-json\/wp\/v2\/users\/2"}],"replies":[{"embeddable":true,"href":"https:\/\/www.europesays.com\/fr\/wp-json\/wp\/v2\/comments?post=213505"}],"version-history":[{"count":0,"href":"https:\/\/www.europesays.com\/fr\/wp-json\/wp\/v2\/posts\/213505\/revisions"}],"wp:featuredmedia":[{"embeddable":true,"href":"https:\/\/www.europesays.com\/fr\/wp-json\/wp\/v2\/media\/213506"}],"wp:attachment":[{"href":"https:\/\/www.europesays.com\/fr\/wp-json\/wp\/v2\/media?parent=213505"}],"wp:term":[{"taxonomy":"category","embeddable":true,"href":"https:\/\/www.europesays.com\/fr\/wp-json\/wp\/v2\/categories?post=213505"},{"taxonomy":"post_tag","embeddable":true,"href":"https:\/\/www.europesays.com\/fr\/wp-json\/wp\/v2\/tags?post=213505"}],"curies":[{"name":"wp","href":"https:\/\/api.w.org\/{rel}","templated":true}]}}