{"id":213513,"date":"2025-06-29T14:50:09","date_gmt":"2025-06-29T14:50:09","guid":{"rendered":"https:\/\/www.europesays.com\/fr\/213513\/"},"modified":"2025-06-29T14:50:09","modified_gmt":"2025-06-29T14:50:09","slug":"la-vigilance-orange-etendue-a-84-departements-ce-lundi-30-juin","status":"publish","type":"post","link":"https:\/\/www.europesays.com\/fr\/213513\/","title":{"rendered":"la vigilance orange \u00e9tendue \u00e0 84 d\u00e9partements ce lundi 30 juin"},"content":{"rendered":"<p>Seule une bande de la fa\u00e7ade Atlantique de la Bretagne au Pas-de-Calais est \u00e9pargn\u00e9e, ainsi que deux autres d\u00e9partements, selon le dernier bulletin de M\u00e9t\u00e9o France publi\u00e9 ce dimanche.<\/p>\n<p class=\"fig-paragraph\">Quatre-vingt-quatre d\u00e9partements sont plac\u00e9s en\u00a0<a href=\"http:\/\/www.lefigaro.fr\/meteo\/canicule-jusqu-a-400c-ce-week-end-420c-lundi-et-mardi-410c-mercredi-voici-a-quoi-s-attendre-jour-par-jour-20250627\" target=\"_blank\" data-fig-type=\"NewsFlash\" rel=\"noopener\" data-gtm-custom-categorie=\"navigation\" data-gtm-custom-action=\"crossclick\" data-gtm-custom-label=\"Contextuel\" data-gtm-event=\"customEventSPE\" data-fig-domain=\"LEFIGARO\">vigilance orange canicule<\/a>\u00a0par M\u00e9t\u00e9o France lundi 30 juin, selon le\u00a0<a href=\"https:\/\/vigilance.meteofrance.fr\/fr\" target=\"_blank\" rel=\"noopener\" data-gtm-custom-categorie=\"navigation\" data-gtm-custom-action=\"crossclick\" data-gtm-custom-label=\"Contextuel\" data-gtm-event=\"customEventSPE\">dernier bulletin<\/a>\u00a0de l\u2019institut m\u00e9t\u00e9orologique publi\u00e9 ce dimanche \u00e0 16 heures.<\/p>\n<p class=\"fig-paragraph\">Sont concern\u00e9s\u00a0: tous les d\u00e9partements d\u2019\u00cele-de-France, tous les d\u00e9partements du Centre-Val de Loire, tous les d\u00e9partements de Nouvelle-Aquitaine, tous les d\u00e9partements d\u2019Occitanie, tous les d\u00e9partements de Bourgogne-Franche-Comt\u00e9. De m\u00eame, l\u2019alerte orange concernera tous les d\u00e9partements de la r\u00e9gion Paca \u00e0 l\u2019exception des Hautes-Alpes. Sont \u00e9galement concern\u00e9s\u00a0: la Haute-Corse, l\u2019Ille-et-Vilaine, le Haut-Rhin et le Bas-Rhin.<\/p>\n<p>Potentiellement la journ\u00e9e de juin la plus chaude jamais enregistr\u00e9e en France<\/p>\n<p class=\"fig-paragraph\">Lundi, si les pr\u00e9visions se confirmaient, deviendra au moins la seconde journ\u00e9e de juin la plus chaude jamais enregistr\u00e9e depuis le 28 juin 2019,\u00a0<a href=\"http:\/\/www.lefigaro.fr\/meteo\/canicule-mardi-1er-juillet-pourrait-devenir-la-troisieme-journee-la-plus-chaude-jamais-observee-en-france-20250629\" target=\"_blank\" data-fig-type=\"NewsFlash\" rel=\"noopener\" data-gtm-custom-categorie=\"navigation\" data-gtm-custom-action=\"crossclick\" data-gtm-custom-label=\"Contextuel\" data-gtm-event=\"customEventSPE\" data-fig-domain=\"LEFIGARO\">pr\u00e9voit de son c\u00f4t\u00e9 La Cha\u00eene M\u00e9t\u00e9o<\/a> *. Le pic d\u2019intensit\u00e9 est pr\u00e9vu, avec des maximales g\u00e9n\u00e9ralis\u00e9es autour de 36 \u00e0 38\u00b0C dans les terres.<\/p>\n<p class=\"fig-paragraph\">\u00abLundi pourrait m\u00eame devenir\u00a0<a href=\"http:\/\/www.lefigaro.fr\/sciences\/climat-pres-de-80-de-la-population-subira-plus-de-15-journees-anormalement-chaudes-en-ete-selon-l-insee-20220902\" target=\"_blank\" data-fig-type=\"NewsFlash\" rel=\"noopener\" data-gtm-custom-categorie=\"navigation\" data-gtm-custom-action=\"crossclick\" data-gtm-custom-label=\"Contextuel\" data-gtm-event=\"customEventSPE\" data-fig-domain=\"LEFIGARO\">la journ\u00e9e de juin la plus chaude jamais enregistr\u00e9e en France<\/a> \u00bb, d\u00e9passant ce pr\u00e9c\u00e9dent record, pr\u00e9vient le site de la Cha\u00eene m\u00e9t\u00e9o.\u00a0Les temp\u00e9ratures seront de 10 \u00e0 15\u00b0C au-dessus des normales de saison. 90% du territoire sera touch\u00e9 par des temp\u00e9ratures tr\u00e8s \u00e9lev\u00e9es, except\u00e9 les c\u00f4tes de la Manche et la pointe bretonne qui resteront en marge.<\/p>\n<p class=\"fig-paragraph\">*La Cha\u00eene M\u00e9t\u00e9o est une propri\u00e9t\u00e9 du groupe Figaro.<\/p>\n","protected":false},"excerpt":{"rendered":"Seule une bande de la fa\u00e7ade Atlantique de la Bretagne au Pas-de-Calais est \u00e9pargn\u00e9e, ainsi que deux autres&hellip;\n","protected":false},"author":2,"featured_media":213514,"comment_status":"","ping_status":"","sticky":false,"template":"","format":"standard","meta":{"footnotes":""},"categories":[4],"tags":[11,1011,27,2487,7750,7752,7751,7749,2357,12,7748,25],"class_list":{"0":"post-213513","1":"post","2":"type-post","3":"status-publish","4":"format-standard","5":"has-post-thumbnail","7":"category-france","8":"tag-actualites","9":"tag-fr","10":"tag-france","11":"tag-meteo","12":"tag-meteo-aujourdhui","13":"tag-meteo-demain","14":"tag-meteo-du-jour","15":"tag-meteo-paris","16":"tag-meteo-france","17":"tag-news","18":"tag-prevision-meteo","19":"tag-republique-francaise"},"share_on_mastodon":{"url":"https:\/\/pubeurope.com\/@fr\/114767214890935417","error":""},"_links":{"self":[{"href":"https:\/\/www.europesays.com\/fr\/wp-json\/wp\/v2\/posts\/213513","targetHints":{"allow":["GET"]}}],"collection":[{"href":"https:\/\/www.europesays.com\/fr\/wp-json\/wp\/v2\/posts"}],"about":[{"href":"https:\/\/www.europesays.com\/fr\/wp-json\/wp\/v2\/types\/post"}],"author":[{"embeddable":true,"href":"https:\/\/www.europesays.com\/fr\/wp-json\/wp\/v2\/users\/2"}],"replies":[{"embeddable":true,"href":"https:\/\/www.europesays.com\/fr\/wp-json\/wp\/v2\/comments?post=213513"}],"version-history":[{"count":0,"href":"https:\/\/www.europesays.com\/fr\/wp-json\/wp\/v2\/posts\/213513\/revisions"}],"wp:featuredmedia":[{"embeddable":true,"href":"https:\/\/www.europesays.com\/fr\/wp-json\/wp\/v2\/media\/213514"}],"wp:attachment":[{"href":"https:\/\/www.europesays.com\/fr\/wp-json\/wp\/v2\/media?parent=213513"}],"wp:term":[{"taxonomy":"category","embeddable":true,"href":"https:\/\/www.europesays.com\/fr\/wp-json\/wp\/v2\/categories?post=213513"},{"taxonomy":"post_tag","embeddable":true,"href":"https:\/\/www.europesays.com\/fr\/wp-json\/wp\/v2\/tags?post=213513"}],"curies":[{"name":"wp","href":"https:\/\/api.w.org\/{rel}","templated":true}]}}