{"id":213517,"date":"2025-06-29T14:53:19","date_gmt":"2025-06-29T14:53:19","guid":{"rendered":"https:\/\/www.europesays.com\/fr\/213517\/"},"modified":"2025-06-29T14:53:19","modified_gmt":"2025-06-29T14:53:19","slug":"inauguration-de-leglise-saint-etienne-a-romorantin-1-500-ans-dhistoire","status":"publish","type":"post","link":"https:\/\/www.europesays.com\/fr\/213517\/","title":{"rendered":"Inauguration de l\u2019\u00e9glise Saint-\u00c9tienne \u00e0 Romorantin : 1.500 ans d\u2019histoire"},"content":{"rendered":"<p>\u00ab\u00a0Vous marchez dans les pas de centaines de milliers de Romorantinais, mais aussi de Charles VII, de Jeanne d\u2019Arc, de Louis XII, d\u2019Anne de Bretagne, de Louise de Savoie, de Fran\u00e7ois 1er, de L\u00e9onard de Vinci, de Catherine de M\u00e9dicis et d\u2019Henri II.\u00a0\u00bb L\u2019\u00e9num\u00e9ration de Martine Vallon, d\u00e9l\u00e9gu\u00e9e pour la Fondation du patrimoine dans le Romorantinais, laisse imaginer au public les 1.500\u00a0ans d\u2019histoire qu\u2019a accompagn\u00e9 l\u2019\u00e9glise Saint-\u00c9tienne \u00e0 Romorantin. Un \u00e9difice religieux inaugur\u00e9 samedi 28\u00a0juin 2025 <a target=\"_self\" href=\"https:\/\/www.lanouvellerepublique.fr\/romorantin\/romorantin-plus-de-dix-ans-apres-le-debut-des-travaux-l-eglise-saint-etienne-est-enfin-renovee-1746545590\" rel=\"noopener\">apr\u00e8s plus de dix ans de travaux men\u00e9 par la municipalit\u00e9<\/a>.<\/p>\n<p>\u00ab\u00a0Romorantin porte le symbole de la tol\u00e9rance\u00a0\u00bb<\/p>\n<p>Apr\u00e8s avoir retrac\u00e9 l\u2019historique de construction de l\u2019\u00e9glise \u00e0 partir de la fin du 6e\u00a0si\u00e8cle, <a target=\"_self\" href=\"https:\/\/www.lanouvellerepublique.fr\/blois\/la-fondation-du-patrimoine-sur-tous-les-fronts-en-loir-et-cher-1741718259\" rel=\"noopener\">Martine Vallon<\/a> s\u2019est arr\u00eat\u00e9e sur une date essentielle pour elle\u00a0: 1560. Ann\u00e9e o\u00f9 Catherine de M\u00e9dicis va signer \u00e0 Romorantin, avec le chancelier de l\u2019\u00e9poque, Michel de l\u2019Hospital, \u00ab\u00a0l\u2019\u00e9dit de tol\u00e9rance pour emp\u00eacher l\u2019Inquisition en France. Romorantin porte donc ce symbole de tol\u00e9rance, valeur tr\u00e8s importante aujourd\u2019hui\u00a0\u00bb, insiste celle qui \u00e9tait \u00e0 la t\u00eate de la direction du patrimoine lors de sa cr\u00e9ation en 1985&#8230;. <\/p>\n<p>    Cet article a \u00e9t\u00e9 tronqu\u00e9. Abonnez-vous pour lire l&rsquo;article complet sur notre site.<\/p>\n<p style=\"margin: 0 !important; padding: 0 !important; font-size: 12px !important;\">Cet article a \u00e9t\u00e9 tronqu\u00e9. Abonnez-vous pour lire l&rsquo;article complet.<\/p>\n<p>    <a href=\"https:\/\/www.lanouvellerepublique.fr\/abonnements\" style=\"display: inline-block; margin-top: 5px !important; padding: 6px 12px !important; background: #cb1c27; color: white; text-decoration: none; border-radius: 4px; font-size: 12px !important;\" target=\"_blank\" rel=\"noopener\"><br \/>\n      S&rsquo;abonner<br \/>\n    <\/a><\/p>\n","protected":false},"excerpt":{"rendered":"\u00ab\u00a0Vous marchez dans les pas de centaines de milliers de Romorantinais, mais aussi de Charles VII, de Jeanne&hellip;\n","protected":false},"author":2,"featured_media":213518,"comment_status":"","ping_status":"","sticky":false,"template":"","format":"standard","meta":{"footnotes":""},"categories":[9653],"tags":[1392,1111,11,2430,33,1777,674,1011,27,4368,12,2551,25,9559,4001,2086],"class_list":{"0":"post-213517","1":"post","2":"type-post","3":"status-publish","4":"format-standard","5":"has-post-thumbnail","7":"category-saint-etienne","8":"tag-a-la-une-local","9":"tag-actu","10":"tag-actualites","11":"tag-auvergne-rhone-alpes","12":"tag-economie","13":"tag-eu","14":"tag-europe","15":"tag-fr","16":"tag-france","17":"tag-loir-et-cher","18":"tag-news","19":"tag-patrimoine","20":"tag-republique-francaise","21":"tag-romorantin-lanthenay","22":"tag-saint-etienne","23":"tag-travaux"},"share_on_mastodon":{"url":"https:\/\/pubeurope.com\/@fr\/114767226647576179","error":""},"_links":{"self":[{"href":"https:\/\/www.europesays.com\/fr\/wp-json\/wp\/v2\/posts\/213517","targetHints":{"allow":["GET"]}}],"collection":[{"href":"https:\/\/www.europesays.com\/fr\/wp-json\/wp\/v2\/posts"}],"about":[{"href":"https:\/\/www.europesays.com\/fr\/wp-json\/wp\/v2\/types\/post"}],"author":[{"embeddable":true,"href":"https:\/\/www.europesays.com\/fr\/wp-json\/wp\/v2\/users\/2"}],"replies":[{"embeddable":true,"href":"https:\/\/www.europesays.com\/fr\/wp-json\/wp\/v2\/comments?post=213517"}],"version-history":[{"count":0,"href":"https:\/\/www.europesays.com\/fr\/wp-json\/wp\/v2\/posts\/213517\/revisions"}],"wp:featuredmedia":[{"embeddable":true,"href":"https:\/\/www.europesays.com\/fr\/wp-json\/wp\/v2\/media\/213518"}],"wp:attachment":[{"href":"https:\/\/www.europesays.com\/fr\/wp-json\/wp\/v2\/media?parent=213517"}],"wp:term":[{"taxonomy":"category","embeddable":true,"href":"https:\/\/www.europesays.com\/fr\/wp-json\/wp\/v2\/categories?post=213517"},{"taxonomy":"post_tag","embeddable":true,"href":"https:\/\/www.europesays.com\/fr\/wp-json\/wp\/v2\/tags?post=213517"}],"curies":[{"name":"wp","href":"https:\/\/api.w.org\/{rel}","templated":true}]}}