{"id":213519,"date":"2025-06-29T14:58:09","date_gmt":"2025-06-29T14:58:09","guid":{"rendered":"https:\/\/www.europesays.com\/fr\/213519\/"},"modified":"2025-06-29T14:58:09","modified_gmt":"2025-06-29T14:58:09","slug":"un-ado-de-13-ans-victime-dun-debut-de-noyade-a-la-seyne","status":"publish","type":"post","link":"https:\/\/www.europesays.com\/fr\/213519\/","title":{"rendered":"Un ado de 13 ans victime d&rsquo;un d\u00e9but de noyade \u00e0 La Seyne"},"content":{"rendered":"<p>Ce dimanche vers 14h45, un gar\u00e7on \u00e2g\u00e9 de 13 ans a fait un d\u00e9but de noyade sur la plage des Sablettes, alors qu\u2019il se trouvait en dehors de la zone surveill\u00e9e.<\/p>\n<p>R\u00e9cup\u00e9r\u00e9 par ses parents, il a \u00e9t\u00e9 pris en charge par les sapeurs-pompiers du poste de secours de la plage, tandis qu\u2019une ambulance et le Smur de La Seyne \u00e9taient engag\u00e9s sur les lieux.<\/p>\n<p>La police municipale \u00e9tait \u00e9galement pr\u00e9sente. Au final, plus de peur que de mal.<\/p>\n","protected":false},"excerpt":{"rendered":"Ce dimanche vers 14h45, un gar\u00e7on \u00e2g\u00e9 de 13 ans a fait un d\u00e9but de noyade sur la&hellip;\n","protected":false},"author":2,"featured_media":213520,"comment_status":"","ping_status":"","sticky":false,"template":"","format":"standard","meta":{"footnotes":""},"categories":[9619],"tags":[1111,11,1777,674,118,1011,27,12,882,25,2310,3366],"class_list":{"0":"post-213519","1":"post","2":"type-post","3":"status-publish","4":"format-standard","5":"has-post-thumbnail","7":"category-toulon","8":"tag-actu","9":"tag-actualites","10":"tag-eu","11":"tag-europe","12":"tag-faits-divers","13":"tag-fr","14":"tag-france","15":"tag-news","16":"tag-provence-alpes-cote-dazur","17":"tag-republique-francaise","18":"tag-toulon","19":"tag-vie-locale"},"share_on_mastodon":{"url":"https:\/\/pubeurope.com\/@fr\/114767246679007188","error":""},"_links":{"self":[{"href":"https:\/\/www.europesays.com\/fr\/wp-json\/wp\/v2\/posts\/213519","targetHints":{"allow":["GET"]}}],"collection":[{"href":"https:\/\/www.europesays.com\/fr\/wp-json\/wp\/v2\/posts"}],"about":[{"href":"https:\/\/www.europesays.com\/fr\/wp-json\/wp\/v2\/types\/post"}],"author":[{"embeddable":true,"href":"https:\/\/www.europesays.com\/fr\/wp-json\/wp\/v2\/users\/2"}],"replies":[{"embeddable":true,"href":"https:\/\/www.europesays.com\/fr\/wp-json\/wp\/v2\/comments?post=213519"}],"version-history":[{"count":0,"href":"https:\/\/www.europesays.com\/fr\/wp-json\/wp\/v2\/posts\/213519\/revisions"}],"wp:featuredmedia":[{"embeddable":true,"href":"https:\/\/www.europesays.com\/fr\/wp-json\/wp\/v2\/media\/213520"}],"wp:attachment":[{"href":"https:\/\/www.europesays.com\/fr\/wp-json\/wp\/v2\/media?parent=213519"}],"wp:term":[{"taxonomy":"category","embeddable":true,"href":"https:\/\/www.europesays.com\/fr\/wp-json\/wp\/v2\/categories?post=213519"},{"taxonomy":"post_tag","embeddable":true,"href":"https:\/\/www.europesays.com\/fr\/wp-json\/wp\/v2\/tags?post=213519"}],"curies":[{"name":"wp","href":"https:\/\/api.w.org\/{rel}","templated":true}]}}