{"id":213525,"date":"2025-06-29T15:01:14","date_gmt":"2025-06-29T15:01:14","guid":{"rendered":"https:\/\/www.europesays.com\/fr\/213525\/"},"modified":"2025-06-29T15:01:14","modified_gmt":"2025-06-29T15:01:14","slug":"direct-hennebont-tombe-face-au-nimes-montpellier-des-freres-lebrun-en-finale-de-pro-a-de-tennis-de-table","status":"publish","type":"post","link":"https:\/\/www.europesays.com\/fr\/213525\/","title":{"rendered":"DIRECT &#8211; Hennebont tombe face au N\u00eemes-Montpellier des fr\u00e8res Lebrun en finale de Pro A de tennis de table"},"content":{"rendered":"<p>La finale tant attendue de Pro A de tennis de table se jouait\u00a0dimanche 29 juin (15 h) \u00e0 la Kindarena de Rouen. La Garde du Voeu d\u2019Hennebont (56) affrontait\u00a0l\u2019Alliance N\u00eemes-Montpellier pour tenter de d\u00e9crocher son sixi\u00e8me titre national (apr\u00e8s 2005, 2006, 2007, 2009 et 2023). <a href=\"http:\/\/www.letelegramme.fr\/sports\/tennis-de-table\/vladimir-sidorenko-larme-anti-lebrun-de-la-gv-hennebont-tt-en-finale-de-pro-a-face-a-nimes-montpellier-6845173.php\" target=\"_blank\" rel=\"noopener\">Pas favoris,\u00a0les Bretons<\/a>\u00a0ont \u00e9chou\u00e9 face aux\u00a0prodiges fran\u00e7ais du tennis de table, Alexis et F\u00e9lix Lebrun (3-0). Revivez la finale en direct vid\u00e9o.<\/p>\n","protected":false},"excerpt":{"rendered":"La finale tant attendue de Pro A de tennis de table se jouait\u00a0dimanche 29 juin (15 h) \u00e0&hellip;\n","protected":false},"author":2,"featured_media":213526,"comment_status":"","ping_status":"","sticky":false,"template":"","format":"standard","meta":{"footnotes":""},"categories":[9599],"tags":[1111,11,1777,674,1011,27,2208,12,2680,25,60,16149],"class_list":{"0":"post-213525","1":"post","2":"type-post","3":"status-publish","4":"format-standard","5":"has-post-thumbnail","7":"category-montpellier","8":"tag-actu","9":"tag-actualites","10":"tag-eu","11":"tag-europe","12":"tag-fr","13":"tag-france","14":"tag-montpellier","15":"tag-news","16":"tag-occitanie","17":"tag-republique-francaise","18":"tag-sports","19":"tag-tennis-de-table"},"share_on_mastodon":{"url":"https:\/\/pubeurope.com\/@fr\/114767258156064539","error":""},"_links":{"self":[{"href":"https:\/\/www.europesays.com\/fr\/wp-json\/wp\/v2\/posts\/213525","targetHints":{"allow":["GET"]}}],"collection":[{"href":"https:\/\/www.europesays.com\/fr\/wp-json\/wp\/v2\/posts"}],"about":[{"href":"https:\/\/www.europesays.com\/fr\/wp-json\/wp\/v2\/types\/post"}],"author":[{"embeddable":true,"href":"https:\/\/www.europesays.com\/fr\/wp-json\/wp\/v2\/users\/2"}],"replies":[{"embeddable":true,"href":"https:\/\/www.europesays.com\/fr\/wp-json\/wp\/v2\/comments?post=213525"}],"version-history":[{"count":0,"href":"https:\/\/www.europesays.com\/fr\/wp-json\/wp\/v2\/posts\/213525\/revisions"}],"wp:featuredmedia":[{"embeddable":true,"href":"https:\/\/www.europesays.com\/fr\/wp-json\/wp\/v2\/media\/213526"}],"wp:attachment":[{"href":"https:\/\/www.europesays.com\/fr\/wp-json\/wp\/v2\/media?parent=213525"}],"wp:term":[{"taxonomy":"category","embeddable":true,"href":"https:\/\/www.europesays.com\/fr\/wp-json\/wp\/v2\/categories?post=213525"},{"taxonomy":"post_tag","embeddable":true,"href":"https:\/\/www.europesays.com\/fr\/wp-json\/wp\/v2\/tags?post=213525"}],"curies":[{"name":"wp","href":"https:\/\/api.w.org\/{rel}","templated":true}]}}