{"id":213527,"date":"2025-06-29T15:02:09","date_gmt":"2025-06-29T15:02:09","guid":{"rendered":"https:\/\/www.europesays.com\/fr\/213527\/"},"modified":"2025-06-29T15:02:09","modified_gmt":"2025-06-29T15:02:09","slug":"le-point-sur-la-meteo-de-la-semaine-en-seine-maritime","status":"publish","type":"post","link":"https:\/\/www.europesays.com\/fr\/213527\/","title":{"rendered":"le point sur la m\u00e9t\u00e9o de la semaine en Seine-Maritime"},"content":{"rendered":"<p>            Par<br \/>\n        <strong><br \/>\n            <a href=\"https:\/\/actu.fr\/auteur\/yann-rivallan\" title=\"Consulter tous les articles de Yann Rivallan\" target=\"_blank\" rel=\"noopener\">Yann Rivallan<\/a><br \/>\n        <\/strong><\/p>\n<p>        Publi\u00e9 le<\/p>\n<p>            29 juin 2025 \u00e0 16h53        <\/p>\n<p>L\u2019\u00e9t\u00e9 s\u2019est d\u00e9finitivement install\u00e9 en <a href=\"https:\/\/actu.fr\/normandie\/seine-maritime_76\" target=\"_blank\" rel=\"noopener\">Seine-Maritime<\/a>. Cette semaine encore, le soleil et <strong>la chaleur<\/strong> seront pr\u00e9dominants dans le d\u00e9partement. Mais <strong>quelques averses<\/strong> sont aussi au programme\u2026 On fait le point avec M\u00e9t\u00e9o France sur les pr\u00e9visions entre le lundi 30\u00a0juin et le dimanche 6\u00a0juillet 2025.<\/p>\n<p>Grosse vague de chaleur en d\u00e9but de semaine<\/p>\n<p class=\" wall-content\">Tout commence par un grand soleil. Lundi et mardi, la chaleur en sera m\u00eame \u00e9touffante en Seine-Maritime, selon les pr\u00e9visions. Apr\u00e8s des matin\u00e9es oscillant autour de 25\u00a0\u00b0C, le thermom\u00e8tre va grimper lundi et mardi apr\u00e8s-midi, jusqu\u2019\u00e0 atteindre <strong>une maximale de 36\u00a0\u00b0C<\/strong> par endroits\u2009!<\/p>\n<p class=\" wall-content\">Mercredi, les temp\u00e9ratures redescendent l\u00e9g\u00e8rement. Une maximale de 30\u00a0\u00b0C est attendue cette fois mais le ciel devrait \u00eatre un peu plus couvert.<\/p>\n<p>De la pluie jeudi<\/p>\n<p class=\" wall-content\">En revanche jeudi, <strong>des averses sont attendues<\/strong> en matin\u00e9e sur l\u2019ensemble de la Seine-Maritime. Le ciel devrait se d\u00e9gager l\u2019apr\u00e8s-midi tandis que les temp\u00e9ratures seront un peu plus supportables avec une maximale de 25\u00a0\u00b0C.<\/p>\n<p class=\" wall-content\">Vendredi, le soleil va rayonner de nouveau, en maintenant des temp\u00e9ratures similaires \u00e0 la veille.<\/p>\n<p>Vid\u00e9os : en ce moment sur ActuPluie et fra\u00eecheur le week-end<\/p>\n<p class=\" wall-content\">Et enfin le week-end, <strong>\u00e7a se rafra\u00eechit<\/strong> encore un peu plus avec des temp\u00e9ratures en moyenne autour des 22\u00a0\u00b0C l\u2019apr\u00e8s-midi. Surtout, la pluie devrait faire son retour samedi apr\u00e8s-midi et tout au long de la journ\u00e9e dominicale.<\/p>\n<p class=\" wall-content\">Entre la cr\u00e8me solaire et votre parapluie, il faudra \u00eatre bien \u00e9quip\u00e9 pour cette nouvelle semaine en Seine-Maritime.<\/p>\n<p class=\" wall-content\">Suivez toute l\u2019actualit\u00e9 de vos villes et m\u00e9dias favoris en vous inscrivant \u00e0 <a href=\"https:\/\/moncompte.actu.fr\" title=\"D\u00e9couvez Mon Actu\" rel=\"nofollow noopener\" data-trk=\"{&quot;cta&quot;:{&quot;action&quot;:&quot;https:\\\/\\\/moncompte.actu.fr&quot;,&quot;category&quot;:&quot;mon compte&quot;,&quot;from&quot;:&quot;article footer&quot;,&quot;name&quot;:&quot;Mon actu&quot;,&quot;type&quot;:&quot;cta&quot;}}\" target=\"_blank\">Mon Actu<\/a>.<\/p>\n","protected":false},"excerpt":{"rendered":"Par Yann Rivallan Publi\u00e9 le 29 juin 2025 \u00e0 16h53 L\u2019\u00e9t\u00e9 s\u2019est d\u00e9finitivement install\u00e9 en Seine-Maritime. Cette semaine&hellip;\n","protected":false},"author":2,"featured_media":213528,"comment_status":"","ping_status":"","sticky":false,"template":"","format":"standard","meta":{"footnotes":""},"categories":[9587],"tags":[1111,11,1777,674,1011,27,2487,2357,12,5161,4459,25,9590,15637],"class_list":{"0":"post-213527","1":"post","2":"type-post","3":"status-publish","4":"format-standard","5":"has-post-thumbnail","7":"category-rouen","8":"tag-actu","9":"tag-actualites","10":"tag-eu","11":"tag-europe","12":"tag-fr","13":"tag-france","14":"tag-meteo","15":"tag-meteo-france","16":"tag-news","17":"tag-normandie","18":"tag-pluie","19":"tag-republique-francaise","20":"tag-rouen","21":"tag-vague-de-chaleur"},"share_on_mastodon":{"url":"https:\/\/pubeurope.com\/@fr\/114767262037619749","error":""},"_links":{"self":[{"href":"https:\/\/www.europesays.com\/fr\/wp-json\/wp\/v2\/posts\/213527","targetHints":{"allow":["GET"]}}],"collection":[{"href":"https:\/\/www.europesays.com\/fr\/wp-json\/wp\/v2\/posts"}],"about":[{"href":"https:\/\/www.europesays.com\/fr\/wp-json\/wp\/v2\/types\/post"}],"author":[{"embeddable":true,"href":"https:\/\/www.europesays.com\/fr\/wp-json\/wp\/v2\/users\/2"}],"replies":[{"embeddable":true,"href":"https:\/\/www.europesays.com\/fr\/wp-json\/wp\/v2\/comments?post=213527"}],"version-history":[{"count":0,"href":"https:\/\/www.europesays.com\/fr\/wp-json\/wp\/v2\/posts\/213527\/revisions"}],"wp:featuredmedia":[{"embeddable":true,"href":"https:\/\/www.europesays.com\/fr\/wp-json\/wp\/v2\/media\/213528"}],"wp:attachment":[{"href":"https:\/\/www.europesays.com\/fr\/wp-json\/wp\/v2\/media?parent=213527"}],"wp:term":[{"taxonomy":"category","embeddable":true,"href":"https:\/\/www.europesays.com\/fr\/wp-json\/wp\/v2\/categories?post=213527"},{"taxonomy":"post_tag","embeddable":true,"href":"https:\/\/www.europesays.com\/fr\/wp-json\/wp\/v2\/tags?post=213527"}],"curies":[{"name":"wp","href":"https:\/\/api.w.org\/{rel}","templated":true}]}}