{"id":213529,"date":"2025-06-29T15:04:10","date_gmt":"2025-06-29T15:04:10","guid":{"rendered":"https:\/\/www.europesays.com\/fr\/213529\/"},"modified":"2025-06-29T15:04:10","modified_gmt":"2025-06-29T15:04:10","slug":"meylan-travaux-du-c1-un-nouveau-plan-de-circulation-sur-une-portion-de-lavenue-du-vercors","status":"publish","type":"post","link":"https:\/\/www.europesays.com\/fr\/213529\/","title":{"rendered":"Meylan. Travaux du C1, un nouveau plan de circulation sur une portion de l\u2019avenue du Vercors"},"content":{"rendered":"<p>Grenoble Alpes M\u00e9tropole poursuit les travaux d\u2019am\u00e9lioration de la C1 en r\u00e9am\u00e9nageant le carrefour entre les avenues de Verdun et du Vercors, ainsi que l\u2019avenue du Vercors elle-m\u00eame autour de la copropri\u00e9t\u00e9 des Saules Blancs.<\/p>\n<p>Apr\u00e8s une phase pr\u00e9paratoire de chantier commenc\u00e9e le 23\u00a0juin et qui n\u2019a pas impact\u00e9 la circulation, c\u2019est \u00e0 partir de ce lundi 30\u00a0juin que les travaux du carrefour n\u00e9cessiteront une mise \u00e0 sens unique d\u2019une portion de l\u2019avenue du Vercors dans le sens Montbonnot vers Grenoble. Une d\u00e9viation par l\u2019avenue de Verdun et le chemin des Sources est mise en place pour les automobilistes.<\/p>\n<p>Les bus, quant \u00e0 eux, seront d\u00e9vi\u00e9s par l\u2019avenue de Verdun et l\u2019all\u00e9e de la facult\u00e9. Ce plan de circulation sera en place jusqu\u2019au vendredi 11\u00a0juillet, sous r\u00e9serves d\u2019al\u00e9as de chantiers et intemp\u00e9ries.<\/p>\n","protected":false},"excerpt":{"rendered":"Grenoble Alpes M\u00e9tropole poursuit les travaux d\u2019am\u00e9lioration de la C1 en r\u00e9am\u00e9nageant le carrefour entre les avenues de&hellip;\n","protected":false},"author":2,"featured_media":213530,"comment_status":"","ping_status":"","sticky":false,"template":"","format":"standard","meta":{"footnotes":""},"categories":[9566],"tags":[1111,11,2430,3542,112,113,1777,674,1011,27,2731,9597,9598,12,25,2803],"class_list":{"0":"post-213529","1":"post","2":"type-post","3":"status-publish","4":"format-standard","5":"has-post-thumbnail","7":"category-grenoble","8":"tag-actu","9":"tag-actualites","10":"tag-auvergne-rhone-alpes","11":"tag-circulation","12":"tag-edition-grenoble-agglomeration","13":"tag-edition-gresivaudan-oisans","14":"tag-eu","15":"tag-europe","16":"tag-fr","17":"tag-france","18":"tag-grenoble","19":"tag-meylan","20":"tag-meylan-et-autour","21":"tag-news","22":"tag-republique-francaise","23":"tag-transport"},"share_on_mastodon":{"url":"https:\/\/pubeurope.com\/@fr\/114767270054508295","error":""},"_links":{"self":[{"href":"https:\/\/www.europesays.com\/fr\/wp-json\/wp\/v2\/posts\/213529","targetHints":{"allow":["GET"]}}],"collection":[{"href":"https:\/\/www.europesays.com\/fr\/wp-json\/wp\/v2\/posts"}],"about":[{"href":"https:\/\/www.europesays.com\/fr\/wp-json\/wp\/v2\/types\/post"}],"author":[{"embeddable":true,"href":"https:\/\/www.europesays.com\/fr\/wp-json\/wp\/v2\/users\/2"}],"replies":[{"embeddable":true,"href":"https:\/\/www.europesays.com\/fr\/wp-json\/wp\/v2\/comments?post=213529"}],"version-history":[{"count":0,"href":"https:\/\/www.europesays.com\/fr\/wp-json\/wp\/v2\/posts\/213529\/revisions"}],"wp:featuredmedia":[{"embeddable":true,"href":"https:\/\/www.europesays.com\/fr\/wp-json\/wp\/v2\/media\/213530"}],"wp:attachment":[{"href":"https:\/\/www.europesays.com\/fr\/wp-json\/wp\/v2\/media?parent=213529"}],"wp:term":[{"taxonomy":"category","embeddable":true,"href":"https:\/\/www.europesays.com\/fr\/wp-json\/wp\/v2\/categories?post=213529"},{"taxonomy":"post_tag","embeddable":true,"href":"https:\/\/www.europesays.com\/fr\/wp-json\/wp\/v2\/tags?post=213529"}],"curies":[{"name":"wp","href":"https:\/\/api.w.org\/{rel}","templated":true}]}}