{"id":21353,"date":"2025-04-13T04:30:09","date_gmt":"2025-04-13T04:30:09","guid":{"rendered":"https:\/\/www.europesays.com\/fr\/21353\/"},"modified":"2025-04-13T04:30:09","modified_gmt":"2025-04-13T04:30:09","slug":"je-suis-un-adulte-qui-comprend-le-monde-des-enfants-a-84-ans-henri-des-traverse-les-ages","status":"publish","type":"post","link":"https:\/\/www.europesays.com\/fr\/21353\/","title":{"rendered":"\u00ab\u00a0Je suis un adulte qui comprend le monde des enfants\u2026\u00a0\u00bb A 84 ans, Henri D\u00e8s traverse les \u00e2ges"},"content":{"rendered":"<p>Ce premier samedi d\u2019avril, le concert touche \u00e0 sa fin dans le centre de la capitale. Happ\u00e9s par les accords de guitare et les tubes qui se succ\u00e8dent, des spectateurs ne tiennent plus en place et se l\u00e8vent de leurs si\u00e8ges. Certains se d\u00e9hanchent dans les all\u00e9es du Casino de Paris ou ondulent pr\u00e8s du sol fa\u00e7on <a href=\"https:\/\/www.20minutes.fr\/dossier\/iggy_pop\" class=\"color-ultramarine c-link\" target=\"_blank\" rel=\"noopener\">Iggy Pop<\/a>. Au niveau des premiers rangs, de tout petits <a href=\"https:\/\/www.20minutes.fr\/arts-stars\/culture\/2990943-20210305-coronavirus-pandemie-peau-pogo\" class=\"color-ultramarine c-link\" target=\"_blank\" rel=\"noopener\">pogos<\/a> se forment. Et soudain, la salle s\u2019enflamme.<\/p>\n<p>\u00ab\u00a0Pan pan pan\u00a0! Qui est l\u00e0\u00a0? C\u2019est la p\u2019tite Charlotte\u00a0!\u00a0\u00bb, s\u2019\u00e9gosille le public, \u00e2g\u00e9 de 3 \u00e0 80 ans, encourag\u00e9 par Henri D\u00e8s lorsque survient le refrain. Accompagn\u00e9 de son contrebassiste, le chanteur tr\u00f4ne tout sourire au milieu de la sc\u00e8ne, port\u00e9 par cette foule qui reprend \u00e0 l\u2019unisson ses paroles. Depuis pr\u00e8s d\u2019un demi-si\u00e8cle, il est ind\u00e9boulonnable dans le c\u0153ur des jeunes m\u00e9lomanes, et pas seulement.<\/p>\n<p>La musique de toute une vie<\/p>\n<p>\u00ab\u00a0J\u2019ai quatre g\u00e9n\u00e9rations dans mon public maintenant\u00a0\u00bb, souligne non sans fiert\u00e9 l\u2019artiste de 84 ans lorsque nous le rencontrons dans l\u2019h\u00f4tel o\u00f9 il a ses habitudes, \u00e0 l\u2019heure du go\u00fbter, juste apr\u00e8s sa 3e date parisienne de <a href=\"https:\/\/www.henrides.net\/evenements\/\" target=\"_blank\" class=\"color-ultramarine c-link\" rel=\"noopener\">son spectacle \u00ab\u00a0En solo +\u00a01\u00a0\u00bb<\/a>. Il \u00e9num\u00e8re\u00a0: \u00ab\u00a0Il y a des grands-papas qui ont mon \u00e2ge, leur fils ou leur fille de 55 ans, le suivant qui en a 30 et le dernier 5 ans. Ils viennent au spectacle et ils connaissent tout par c\u0153ur.\u00a0\u00bb<\/p>\n<p>Si les enfants d\u00e9bordent d\u2019\u00e9nergie sur ses grands hits &#8211;<a href=\"https:\/\/www.youtube.com\/watch?v=_Uf3P6RD65w\" target=\"_blank\" class=\"color-ultramarine c-link\" rel=\"noopener\"> Les b\u00eatises \u00e0 l\u2019\u00e9cole<\/a>, La glace au citron ou encore Le petit zinzin -, les adultes ne restent pas de marbre. Au contraire, eux aussi connaissent les chansons sur le bout des doigts. Le r\u00e9pertoire d\u2019Henri D\u00e8s traverse les \u00e2ges.<\/p>\n<p>\u00ab\u00a0C\u2019est extr\u00eamement rare, analyse-t-il. Il y a beaucoup de chanteurs \u00e0 succ\u00e8s actuellement qui vont dispara\u00eetre, parce que la transmission ne se fait pas. Moi, elle se fait, parce que je m\u2019adresse \u00e0 un public assez jeune qui comprend ce que je dis et qui garde \u00e7a en m\u00e9moire toute sa vie.\u00a0\u00bb<\/p>\n<p>\u00ab Une chanson pour faire plaisir \u00bb<\/p>\n<p>Ce public, Henri D\u00e8s le rencontre \u00ab\u00a0par hasard\u00a0\u00bb \u00e0 la fin des seventies. Il s\u2019approche alors de la quarantaine et m\u00e8ne une carri\u00e8re qu\u2019il qualifie de \u00ab\u00a0confidentielle\u00a0\u00bb dans la musique pour adultes, en France mais aussi en Suisse, son pays. Il en est par ailleurs le repr\u00e9sentant \u00e0 l\u2019<a href=\"https:\/\/www.20minutes.fr\/arts-stars\/culture\/eurovision\/\" class=\"color-ultramarine c-link\" target=\"_blank\" rel=\"noopener\">Eurovision<\/a> en\u00a01970 o\u00f9 il se classe 4e, ex aequo avec le chanteur espagnol Julio Iglesias et le Fran\u00e7ais Guy Bonnet.<\/p>\n<p>Mais c\u2019est gr\u00e2ce \u00e0 ses jeunes enfants qu\u2019Henri D\u00e8s bascule dans une nouvelle dimension. \u00ab\u00a0Mon fils a eu 5 ans et j\u2019ai eu envie de lui \u00e9crire une chanson pour lui faire plaisir. Je l\u2019ai enregistr\u00e9 avec lui et j\u2019en ai \u00e9crit 3 ou 4 autres. Puis mes amis m\u2019ont dit qu\u2019il ne fallait pas les laisser dans un tiroir, qu\u2019il y avait quelque chose de fort et d\u2019authentique. Donc j\u2019ai continu\u00e9, j\u2019ai fait un album et \u00e7a a \u00e9t\u00e9 le succ\u00e8s imm\u00e9diat\u00a0\u00bb, se rem\u00e9more-t-il.<\/p>\n<p>Boud\u00e9 par les radios<\/p>\n<p>Henri D\u00e8s sort son premier album jeunesse en\u00a01977. Huit ans plus tard, il obtient son tout premier disque d\u2019or. Il en recevra 15 au total, couronnant un registre de 200 chansons et 4,5\u00a0millions d\u2019albums vendus. Autre chiffre notable\u00a0: le chanteur s\u2019est produit une centaine de fois dans la mythique salle de L\u2019<a href=\"https:\/\/www.20minutes.fr\/dossier\/olympia\" class=\"color-ultramarine c-link\" target=\"_blank\" rel=\"noopener\">Olympia<\/a>. Sans oublier la trentaine d\u2019\u00e9tablissements scolaires et de la petite enfance qui portent son nom.<\/p>\n<p>Seul b\u00e9mol dans cette partition, l\u2019artiste constate \u00eatre toujours pass\u00e9 sous les radars m\u00e9diatiques, malgr\u00e9 son succ\u00e8s. \u00ab\u00a0Je n\u2019ai jamais fait de prime time de ma vie. Je ne suis jamais pass\u00e9 en playlist dans les radios. Quand ils m\u2019invitaient, ils ne passaient que la moiti\u00e9 d\u2019une chanson pour illustrer mon propos. C\u2019est un format dont ils ne savent pas quoi faire\u00a0\u00bb, analyse-t-il.<\/p>\n<p>Peu rancunier, le chanteur pr\u00e9f\u00e8re y voir les bons c\u00f4t\u00e9s. \u00ab\u00a0C\u2019est une malchance et une chance en m\u00eame temps. Le fait de ne pas avoir \u00e9t\u00e9 happ\u00e9 par le show-business, entre guillemets, o\u00f9 je me serais \u00e9ventuellement retrouv\u00e9 avec un producteur qui m\u2019aurait influenc\u00e9, m\u2019a oblig\u00e9 \u00e0 \u00eatre en confiance avec moi-m\u00eame. J\u2019ai simplement fait mes petites chansons dans mon coin et elles continuent d\u2019exister.\u00a0\u00bb<\/p>\n<p>\u00ab\u00a0Je suis un adulte qui comprend le monde des enfants\u00a0\u00bb<\/p>\n<p>Cinquante ans apr\u00e8s avoir vu le jour, en\u00a01979, les aventures de la Petite Charlotte, et tous ses autres tubes, galvanisent toujours autant ses petits fans. Un public par ailleurs redoutable. \u00ab\u00a0Ils ne font pas de cadeaux quand ils ne s\u2019int\u00e9ressent pas \u00e0 un spectacle, reconna\u00eet Henri D\u00e8s. J\u2019ai d\u00e9j\u00e0 assist\u00e9 \u00e0 des pi\u00e8ces de th\u00e9\u00e2tres pour les enfants et si \u00e7a ne les touche pas, ils font un bazar effrayant\u2026\u00a0\u00bb<\/p>\n<p>Lors de ses concerts \u00e0 lui, ses spectateurs sont aussi acteurs. On est loin des invasions de sc\u00e8nes de certains rockeurs, mais l\u2019artiste convie tout de m\u00eame une poign\u00e9e d\u2019enfants sur sc\u00e8ne pour chanter avec eux.<\/p>\n<p>Et puis il y a cette musique qui demeure intemporelle et touche la jeunesse peu importe les \u00e9poques. Henri D\u00e8s se dit \u00eatre un bon \u00ab\u00a0observateur de leurs petites vies\u00a0\u00bb. \u00ab\u00a0Je pense que si je n\u2019avais pas eu d\u2019enfants, cela aurait \u00e9t\u00e9 difficile. J\u2019aurais fait une chanson un peu bateau, un nounours avec un nez rouge, des conneries comme \u00e7a.\u00a0\u00bb<\/p>\n<p>Le chanteur lui-m\u00eame est-il nostalgique de cette \u00e9poque de l\u2019enfance, de na\u00efvet\u00e9 et de d\u00e9glingue\u00a0? \u00ab\u00a0Non, r\u00e9pond-il cat\u00e9goriquement. Je ne suis pas un enfant qui \u00e9crit pour les enfants. Je suis un adulte qui comprend ce monde.\u00a0\u00bb<\/p>\n<p>Henri D\u00e8s, une \u00e9ternelle rock star\u00a0?<\/p>\n<p>Henri D\u00e8s est aussi un adulte qui parle aux adultes. A ces enfants devenus parents, bien s\u00fbr, mais pas uniquement. En\u00a02016, il sort un album avec Ze Grands Gamins, le groupe de son fils Pierrick Destraz, dans lequel ils accommodent ses chansons fa\u00e7on \u00ab\u00a0Henri Death Metal\u00a0\u00bb. <a href=\"https:\/\/www.20minutes.fr\/arts-stars\/culture\/2588171-20190823-henri-ravit-metalleux-lors-festival-motocultor\" class=\"color-ultramarine c-link\" target=\"_blank\" rel=\"noopener\">Ils se produisent ensemble au Motocultor Festival<\/a>, temple du heavy metal, en Bretagne.<\/p>\n<p>\u00ab\u00a0Il y avait 15.000 personnes entre 20 et 30 ans qui pogotaient autour de moi, qui tournaient sans arr\u00eat. Mais finalement, que mes chansons soient accompagn\u00e9es par un orchestre symphonique ou des fous furieux comme mon fils et son copain, \u00e7a ne change rien. J\u2019\u00e9tais avec ma guitare, les gens chantaient avec moi. C\u2019\u00e9tait compl\u00e8tement dingue. Ce n\u2019est pas moi qui me suis mis \u00e0 faire du m\u00e9tal, c\u2019est le m\u00e9tal qui s\u2019est nourri de mes chansons\u00a0\u00bb, estime-t-il.<\/p>\n<\/p>\n<p>A l\u2019instar d\u2019un <a href=\"https:\/\/www.20minutes.fr\/dossier\/mick_jagger\" class=\"color-ultramarine c-link\" target=\"_blank\" rel=\"noopener\">Mick Jagger<\/a> ou d\u2019un <a href=\"https:\/\/www.20minutes.fr\/arts-stars\/4127772-20241206-paul-mccartney-82-ans-toujours-vent-fait-defiler-bande-vies-paris\" class=\"color-ultramarine c-link\" target=\"_blank\" rel=\"noopener\">Paul McCartney<\/a>, Henri D\u00e8s n\u2019est-il pas finalement, \u00e0 sa mani\u00e8re, l\u2019\u00e9ternelle rock star des enfants\u00a0? \u00ab\u00a0Je crois que c\u2019est un peu exag\u00e9r\u00e9\u00a0\u00bb, r\u00e9agit-il, un sourire en coin. Il peut toutefois se targuer de compter son lot de groupies, des tourn\u00e9s \u00e0 n\u2019en plus finir, une carri\u00e8re longue comme le bras\u2026 Ce qui n\u2019est pas rien du haut de ses 84 ans.<\/p>\n<p>\u00ab\u00a0Je ne me mets pas de limite. Pour l\u2019instant, \u00e7a marche tr\u00e8s fort. Partout o\u00f9 je passe, en Belgique, en Suisse, en France\u2026 Mes salles sont remplies deux mois \u00e0 l\u2019avance. La seule chose qui pourrait me freiner, ce serait des difficult\u00e9s physiques, que je perde la m\u00e9moire, ma voix, ma mobilit\u00e9\u2026\u00a0\u00bb<\/p>\n<p>En\u00a02019, Henri D\u00e8s a \u00e9t\u00e9 <a href=\"https:\/\/www.20minutes.fr\/arts-stars\/culture\/2662683-20191128-tournee-paris-chanteur-suisse-henri-hospitalise-annulee\" class=\"color-ultramarine c-link\" target=\"_blank\" rel=\"noopener\">victime d\u2019une crise cardiaque<\/a>. \u00ab\u00a0Je suis mort, raconte-t-il. Heureusement, mon amie \u00e9tait l\u00e0 et m\u2019a fait un massage. Ils m\u2019ont mis dans le coma, puis je me suis remis.\u00a0\u00bb Il est retourn\u00e9 sur les routes et sur sc\u00e8ne, comme depuis des d\u00e9cennies\u00a0: \u00ab\u00a0Je me dis que c\u2019est comme si on me donnait un jeton suppl\u00e9mentaire\u00a0\u00bb. Que les petits et les grands se r\u00e9jouissent, Henri D\u00e8s not dead.<\/p>\n","protected":false},"excerpt":{"rendered":"Ce premier samedi d\u2019avril, le concert touche \u00e0 sa fin dans le centre de la capitale. Happ\u00e9s par&hellip;\n","protected":false},"author":2,"featured_media":21354,"comment_status":"","ping_status":"","sticky":false,"template":"","format":"standard","meta":{"footnotes":""},"categories":[1355],"tags":[1696,1697,251,58,847,59,1011,27,1361,873,3306,3067],"class_list":{"0":"post-21353","1":"post","2":"type-post","3":"status-publish","4":"format-standard","5":"has-post-thumbnail","7":"category-musique","8":"tag-chanteur","9":"tag-concert","10":"tag-culture","11":"tag-divertissement","12":"tag-enfant","13":"tag-entertainment","14":"tag-fr","15":"tag-france","16":"tag-music","17":"tag-musique","18":"tag-parents","19":"tag-suisse"},"share_on_mastodon":{"url":"https:\/\/pubeurope.com\/@fr\/114328779553525360","error":""},"_links":{"self":[{"href":"https:\/\/www.europesays.com\/fr\/wp-json\/wp\/v2\/posts\/21353","targetHints":{"allow":["GET"]}}],"collection":[{"href":"https:\/\/www.europesays.com\/fr\/wp-json\/wp\/v2\/posts"}],"about":[{"href":"https:\/\/www.europesays.com\/fr\/wp-json\/wp\/v2\/types\/post"}],"author":[{"embeddable":true,"href":"https:\/\/www.europesays.com\/fr\/wp-json\/wp\/v2\/users\/2"}],"replies":[{"embeddable":true,"href":"https:\/\/www.europesays.com\/fr\/wp-json\/wp\/v2\/comments?post=21353"}],"version-history":[{"count":0,"href":"https:\/\/www.europesays.com\/fr\/wp-json\/wp\/v2\/posts\/21353\/revisions"}],"wp:featuredmedia":[{"embeddable":true,"href":"https:\/\/www.europesays.com\/fr\/wp-json\/wp\/v2\/media\/21354"}],"wp:attachment":[{"href":"https:\/\/www.europesays.com\/fr\/wp-json\/wp\/v2\/media?parent=21353"}],"wp:term":[{"taxonomy":"category","embeddable":true,"href":"https:\/\/www.europesays.com\/fr\/wp-json\/wp\/v2\/categories?post=21353"},{"taxonomy":"post_tag","embeddable":true,"href":"https:\/\/www.europesays.com\/fr\/wp-json\/wp\/v2\/tags?post=21353"}],"curies":[{"name":"wp","href":"https:\/\/api.w.org\/{rel}","templated":true}]}}