{"id":213542,"date":"2025-06-29T15:12:27","date_gmt":"2025-06-29T15:12:27","guid":{"rendered":"https:\/\/www.europesays.com\/fr\/213542\/"},"modified":"2025-06-29T15:12:27","modified_gmt":"2025-06-29T15:12:27","slug":"un-terrain-de-petanque-en-acces-libre-vient-douvrir-au-sud-de-nantes","status":"publish","type":"post","link":"https:\/\/www.europesays.com\/fr\/213542\/","title":{"rendered":"Un terrain de p\u00e9tanque en acc\u00e8s libre vient d\u2019ouvrir au sud de Nantes"},"content":{"rendered":"<tr wp_automatic_readability=\"2.9142857142857\">\n<td valign=\"middle\" align=\"center\" class=\"col-logo\">\n    <img decoding=\"async\" src=\"https:\/\/www.europesays.com\/fr\/wp-content\/uploads\/2025\/04\/presse-ocean.gif\" alt=\"logo Presse-Oc\u00e9an\" height=\"66\"\/><\/p>\n<\/td>\n<td class=\"col-titre\">\n\t\t\tDimanche 29 juin 2025 11:12<br \/>\n\t\t\t<a class=\"icon-bulle sizeL count\" href=\"#ancreAvis\"><br \/>\n\t&#8230;<br \/>\n<\/a><\/td>\n<\/tr>\n<p>\t\t<a class=\"mavillebox2 elmt-photo\" href=\"https:\/\/maville.com\/photosmvi\/2025\/06\/29\/P35321357D6876686G.jpg\" title=\" Un terrain de p\u00e9tanque en acc\u00e8s libre sur l\u2019\u00eele Pinette \u00e0 proximit\u00e9 des autres jeux.  \u00a9  Photo Presse Oc\u00e9an  &lt;!--TAG-BLC credit--&gt;\" rel=\"galerie_actu noopener\" target=\"_blank\"><br \/>\n\t<img decoding=\"async\" src=\"https:\/\/www.europesays.com\/fr\/wp-content\/uploads\/2025\/06\/P35321357D6876686G_crop_640-330_.jpg\" alt=\"photo  un terrain de p\u00e9tanque en acc\u00e8s libre sur l\u2019\u00eele pinette \u00e0 proximit\u00e9 des autres jeux.  \u00a9  photo presse oc\u00e9an \"\/><br \/>\n\t1<br \/>\n<\/a><\/p>\n<p class=\"elmt-legende\"> Un terrain de p\u00e9tanque en acc\u00e8s libre sur l\u2019\u00eele Pinette \u00e0 proximit\u00e9 des autres jeux.  \u00a9  Photo Presse Oc\u00e9an  <\/p>\n<p>\t\tFaisant partie des quatre projets retenus lors du budget participatif 2024 de Saint-S\u00e9bastien-sur-Loire, le terrain de p\u00e9tanque de l\u2019\u00eele Forget a \u00e9t\u00e9 inaugur\u00e9.<\/p>\n<p><b>Cet article est r\u00e9serv\u00e9 aux abonn\u00e9s<\/b><\/p>\n<p>Pour un acc\u00e8s imm\u00e9diat, abonnez-vous<\/p>\n<p><b>1\u00e8re semaine offerte<\/b><\/p>\n<p>\t\tPresse-Oc\u00e9an<\/p>\n<p>Retrouvez d&rsquo;autres actus sur la commune de :<\/p>\n<p>\t\t&#13;<\/p>\n","protected":false},"excerpt":{"rendered":"Dimanche 29 juin 2025 11:12 &#8230; 1 Un terrain de p\u00e9tanque en acc\u00e8s libre sur l\u2019\u00eele Pinette \u00e0&hellip;\n","protected":false},"author":2,"featured_media":213543,"comment_status":"","ping_status":"","sticky":false,"template":"","format":"standard","meta":{"footnotes":""},"categories":[2818],"tags":[23731,1111,11,1777,674,1011,27,29023,766,12,5257,2636,6426,25,7053,3945,5256],"class_list":{"0":"post-213542","1":"post","2":"type-post","3":"status-publish","4":"format-standard","5":"has-post-thumbnail","7":"category-nantes","8":"tag-acces","9":"tag-actu","10":"tag-actualites","11":"tag-eu","12":"tag-europe","13":"tag-fr","14":"tag-france","15":"tag-libre","16":"tag-nantes","17":"tag-news","18":"tag-ouvrir","19":"tag-pays-de-la-loire","20":"tag-petanque","21":"tag-republique-francaise","22":"tag-sud","23":"tag-terrain","24":"tag-vient"},"share_on_mastodon":{"url":"https:\/\/pubeurope.com\/@fr\/114767301493588535","error":""},"_links":{"self":[{"href":"https:\/\/www.europesays.com\/fr\/wp-json\/wp\/v2\/posts\/213542","targetHints":{"allow":["GET"]}}],"collection":[{"href":"https:\/\/www.europesays.com\/fr\/wp-json\/wp\/v2\/posts"}],"about":[{"href":"https:\/\/www.europesays.com\/fr\/wp-json\/wp\/v2\/types\/post"}],"author":[{"embeddable":true,"href":"https:\/\/www.europesays.com\/fr\/wp-json\/wp\/v2\/users\/2"}],"replies":[{"embeddable":true,"href":"https:\/\/www.europesays.com\/fr\/wp-json\/wp\/v2\/comments?post=213542"}],"version-history":[{"count":0,"href":"https:\/\/www.europesays.com\/fr\/wp-json\/wp\/v2\/posts\/213542\/revisions"}],"wp:featuredmedia":[{"embeddable":true,"href":"https:\/\/www.europesays.com\/fr\/wp-json\/wp\/v2\/media\/213543"}],"wp:attachment":[{"href":"https:\/\/www.europesays.com\/fr\/wp-json\/wp\/v2\/media?parent=213542"}],"wp:term":[{"taxonomy":"category","embeddable":true,"href":"https:\/\/www.europesays.com\/fr\/wp-json\/wp\/v2\/categories?post=213542"},{"taxonomy":"post_tag","embeddable":true,"href":"https:\/\/www.europesays.com\/fr\/wp-json\/wp\/v2\/tags?post=213542"}],"curies":[{"name":"wp","href":"https:\/\/api.w.org\/{rel}","templated":true}]}}