{"id":213551,"date":"2025-06-29T15:17:08","date_gmt":"2025-06-29T15:17:08","guid":{"rendered":"https:\/\/www.europesays.com\/fr\/213551\/"},"modified":"2025-06-29T15:17:08","modified_gmt":"2025-06-29T15:17:08","slug":"pourquoi-blair-kinghon-va-rater-les-festivites-de-toulouse-apres-son-titre-de-champion-de-france","status":"publish","type":"post","link":"https:\/\/www.europesays.com\/fr\/213551\/","title":{"rendered":"Pourquoi Blair Kinghon va rater les festivit\u00e9s de Toulouse apr\u00e8s son titre de champion de France"},"content":{"rendered":"<p>            Par<br \/>\n        <strong><br \/>\n            <a href=\"https:\/\/actu.fr\/auteur\/redaction-rugby\" title=\"Consulter tous les articles de R\u00e9daction Rugby\" rel=\"nofollow noopener\" target=\"_blank\">R\u00e9daction Rugby<\/a><br \/>\n        <\/strong><\/p>\n<p>        Publi\u00e9 le<\/p>\n<p>            29 juin 2025 \u00e0 15h39        <\/p>\n<p>Dimanche 29 juin, sous un franc soleil, les joueurs de <a href=\"https:\/\/actu.fr\/rugby\/equipe\/toulouse_64dd31517b8c09c4fec880ad\/\" rel=\"nofollow noopener\" target=\"_blank\">Toulouse<\/a> sont attendus Place du Capitole pour brandir depuis le balcon de la mairie le 24e bouclier de Brennus de leur histoire, d\u00e9croch\u00e9 \u00e0 l\u2019issue d\u2019<a href=\"https:\/\/actu.fr\/sports\/rugby\/top-14\/les-maitres-immortel-soiree-magique-la-presse-impressionnee-par-la-finale-toulouse-bordeaux_62841270.html\" rel=\"nofollow noopener\" target=\"_blank\">une finale exceptionnelle<\/a> contre Bordeaux (39-33).<\/p>\n<p>Blair Kinghorn absent des festivit\u00e9s<\/p>\n<p class=\" wall-content\">Parmi le groupe toulousain, <a href=\"https:\/\/actu.fr\/rugby\/joueur\/kinghorn_658723f7e3edd6904ac4c19b\/\" rel=\"nofollow noopener\" target=\"_blank\">Blair Kinghorn<\/a> manquera \u00e0 l\u2019appel. L\u2019an dernier, c\u2019\u00e9tait Dorian Aldegheri qui <a href=\"https:\/\/actu.fr\/occitanie\/toulouse_31555\/pourquoi-aldegheri-et-castro-ferreira-ont-rate-les-festivites-de-toulouse-apres-la-finale_61276229.html\" rel=\"nofollow noopener\" target=\"_blank\">avait rat\u00e9 les festivit\u00e9s<\/a> Place du Capitole, le pilier ayant d\u00e9cid\u00e9 avec un kin\u00e9 du club de se rendre au festival Hellfest.<\/p>\n<p class=\" wall-content\">Pour Kinghorn, apparu en slip \u00e0 l\u2019effigie du Stade Toulousain et bi\u00e8re \u00e0 la main dans les coursives du Stade de France 1h apr\u00e8s le coup de sifflet final, il n\u2019y aura pas de vacances. L\u2019ailier ou arri\u00e8re \u00e9cossais (60 s\u00e9lections) a quitt\u00e9 les Toulousains dans la matin\u00e9e, afin de prendre un vol, ce dimanche apr\u00e8s-midi, depuis Paris pour rallier l\u2019Australie afin de disputer la Tourn\u00e9e des Lions Britanniques.<\/p>\n<p class=\" wall-content\">\n<p class=\" wall-content\">\u00ab\u00a0Le programme va \u00eatre charg\u00e9 pour moi. Mais je vais pouvoir boire quelques bi\u00e8res quand m\u00eame pour f\u00eater ce titre\u00a0\u00bb, disait-il \u00e0 l\u2019issue de la finale. Depuis son arriv\u00e9e \u00e0 Toulouse en d\u00e9cembre 2023, c\u2019est son 3e\u2026 en 4 comp\u00e9titions disput\u00e9es. Joli rendement\u2026<\/p>\n<p>Vid\u00e9os : en ce moment sur Actu<\/p>\n<p class=\" wall-content\">Suivez toute l\u2019actualit\u00e9 de vos villes et m\u00e9dias favoris en vous inscrivant \u00e0 <a href=\"https:\/\/moncompte.actu.fr\" title=\"D\u00e9couvez Mon Actu\" rel=\"nofollow noopener\" data-trk=\"{&quot;cta&quot;:{&quot;action&quot;:&quot;https:\\\/\\\/moncompte.actu.fr&quot;,&quot;category&quot;:&quot;mon compte&quot;,&quot;from&quot;:&quot;article footer&quot;,&quot;name&quot;:&quot;Mon actu&quot;,&quot;type&quot;:&quot;cta&quot;}}\" target=\"_blank\">Mon Actu<\/a>.<\/p>\n","protected":false},"excerpt":{"rendered":"Par R\u00e9daction Rugby Publi\u00e9 le 29 juin 2025 \u00e0 15h39 Dimanche 29 juin, sous un franc soleil, les&hellip;\n","protected":false},"author":2,"featured_media":213552,"comment_status":"","ping_status":"","sticky":false,"template":"","format":"standard","meta":{"footnotes":""},"categories":[2816],"tags":[1111,11,1777,674,1011,27,12,2680,25,479,60,476,478,2312],"class_list":{"0":"post-213551","1":"post","2":"type-post","3":"status-publish","4":"format-standard","5":"has-post-thumbnail","7":"category-toulouse","8":"tag-actu","9":"tag-actualites","10":"tag-eu","11":"tag-europe","12":"tag-fr","13":"tag-france","14":"tag-news","15":"tag-occitanie","16":"tag-republique-francaise","17":"tag-rugby","18":"tag-sports","19":"tag-stade-toulousain","20":"tag-top-14","21":"tag-toulouse"},"share_on_mastodon":{"url":"https:\/\/pubeurope.com\/@fr\/114767321116172499","error":""},"_links":{"self":[{"href":"https:\/\/www.europesays.com\/fr\/wp-json\/wp\/v2\/posts\/213551","targetHints":{"allow":["GET"]}}],"collection":[{"href":"https:\/\/www.europesays.com\/fr\/wp-json\/wp\/v2\/posts"}],"about":[{"href":"https:\/\/www.europesays.com\/fr\/wp-json\/wp\/v2\/types\/post"}],"author":[{"embeddable":true,"href":"https:\/\/www.europesays.com\/fr\/wp-json\/wp\/v2\/users\/2"}],"replies":[{"embeddable":true,"href":"https:\/\/www.europesays.com\/fr\/wp-json\/wp\/v2\/comments?post=213551"}],"version-history":[{"count":0,"href":"https:\/\/www.europesays.com\/fr\/wp-json\/wp\/v2\/posts\/213551\/revisions"}],"wp:featuredmedia":[{"embeddable":true,"href":"https:\/\/www.europesays.com\/fr\/wp-json\/wp\/v2\/media\/213552"}],"wp:attachment":[{"href":"https:\/\/www.europesays.com\/fr\/wp-json\/wp\/v2\/media?parent=213551"}],"wp:term":[{"taxonomy":"category","embeddable":true,"href":"https:\/\/www.europesays.com\/fr\/wp-json\/wp\/v2\/categories?post=213551"},{"taxonomy":"post_tag","embeddable":true,"href":"https:\/\/www.europesays.com\/fr\/wp-json\/wp\/v2\/tags?post=213551"}],"curies":[{"name":"wp","href":"https:\/\/api.w.org\/{rel}","templated":true}]}}