{"id":213555,"date":"2025-06-29T15:19:09","date_gmt":"2025-06-29T15:19:09","guid":{"rendered":"https:\/\/www.europesays.com\/fr\/213555\/"},"modified":"2025-06-29T15:19:09","modified_gmt":"2025-06-29T15:19:09","slug":"tour-de-france-a-lille-fan-park-parade-trois-jours-danimations-dans-la-ville-pour-le-grand-depart","status":"publish","type":"post","link":"https:\/\/www.europesays.com\/fr\/213555\/","title":{"rendered":"Tour de France \u00e0 Lille. Fan Park, parade\u2026 Trois jours d\u2019animations dans la ville pour le grand d\u00e9part"},"content":{"rendered":"<p>            Par<br \/>\n        <strong><br \/>\n            <a href=\"https:\/\/actu.fr\/auteur\/amandine-vachez\" title=\"Consulter tous les articles de Amandine Vachez\" rel=\"nofollow noopener\" target=\"_blank\">Amandine Vachez<\/a><br \/>\n        <\/strong><\/p>\n<p>        Publi\u00e9 le<\/p>\n<p>            29 juin 2025 \u00e0 16h20        <\/p>\n<p>Cela n\u2019\u00e9tait pas arriv\u00e9 depuis 1994\u2009! Le grand d\u00e9part de l\u2019\u00e9dition 2025 du <a href=\"https:\/\/actu.fr\/tag\/tour-de-france-2025\" rel=\"nofollow noopener\" target=\"_blank\">Tour de France<\/a> est pr\u00e9vu \u00e0 <a href=\"https:\/\/actu.fr\/lille\/\" rel=\"nofollow noopener\" target=\"_blank\">Lille<\/a> (Nord). Pour c\u00e9l\u00e9brer l\u2019\u00e9v\u00e9nement sportif,<b> trois jours d\u2019animations<\/b> sont pr\u00e9vus dans la ville. On vous donne le <b>programme<\/b>, qui s\u2019\u00e9tend <b>du jeudi\u00a03 au samedi 5\u00a0juillet 2025<\/b>, jour du d\u00e9part.<\/p>\n<p class=\" wall-content\">Pour rappel, le d\u00e9part sera donn\u00e9 le 5\u00a0juillet \u00e0 13\u2009h\u200905 \u00e0 l\u2019esplanade du Champ de Mars.<\/p>\n<p>Un Fan Park ouvert trois jours \u00e0 R\u00e9publique<\/p>\n<p class=\" wall-content\">Les animations d\u00e9buteront, elles, d\u00e8s le jeudi, avec l\u2019inauguration du Fan Park place de la R\u00e9publique, et une grande parade en c\u0153ur de ville.<\/p>\n<p class=\" wall-content\">L\u2019agenda du jeudi 3\u00a0juillet\u2009:<\/p>\n<ul class=\" wall-content\">\n<li><b>14\u2009h\u2009: Inauguration du Fan Park, install\u00e9 Place de la R\u00e9publique jusqu\u2019au samedi 5\u00a0juillet<br \/><\/b>Un village y sera install\u00e9 pour vivre une exp\u00e9rience unique sur le Tour de France, se divertir, et profiter de nombreuses animations autour du v\u00e9lo<\/li>\n<li><b>18\u2009h\u200930 \u2013 20\u2009h\u2009: Parade en c\u0153ur de ville et pr\u00e9sentation des coureurs sur la Grand-Place<br \/><\/b>Les 23\u00a0\u00e9quipes engag\u00e9es dans le\u00a0Tour\u00a0d\u00e9fileront dans les rues du centre-ville\u00a0de\u00a0Lille, offrant un spectacle unique au public, en partant\u00a0des marches\u00a0de\u00a0l\u2019Op\u00e9ra, place du Th\u00e9\u00e2tre, par la rue Faidherbe, la place\u00a0de\u00a0la Gare Lille Flandres, la rue du Molinel et la rue Pierre Mauroy, pour terminer sur la Grand-Place.<\/li>\n<\/ul>\n<p>Vid\u00e9os : en ce moment sur ActuDes rencontres \u00ab\u2009L\u2019avenir \u00e0 v\u00e9lo\u2009\u00bb avec les dirigeants du Tour<\/p>\n<p class=\" wall-content\">L\u2019agenda du vendredi 4\u00a0juillet\u2009:<\/p>\n<ul class=\" wall-content\">\n<li><b>De 9\u2009h \u00e0 13\u2009h\u2009: rencontres autour de la th\u00e9matique \u00ab\u2009L\u2019avenir \u00e0 V\u00e9lo\u2009\u00bb<br \/><\/b>Le rendez-vous est donn\u00e9 \u00e0 l\u2019H\u00f4tel de Ville. Le maire de la ville Arnaud Deslandes accueillera notamment Marion Rousse, directrice du Tour de France f\u00e9minin, et Christian Prudhomme, directeur du Tour masculin. \u00ab\u2009Un temps fort pour parler v\u00e9lo sous toutes ses formes\u2009: pratiques sportives, mobilit\u00e9s du quotidien, tourisme, inclusion sociale ou encore \u00e9ducation\u2009\u00bb, pr\u00e9cise la municipalit\u00e9.<br \/>L\u2019entr\u00e9e est gratuite, il est possible d\u2019assister aux rencontres sur inscription par mail\u2009: <a href=\"http:\/\/actu.fr\/cdn-cgi\/l\/email-protection#88f8fae7fce7ebe7e4edfbedebfafce9fae1e9fcc8e5e9e1fae1eda5e4e1e4e4eda6eefa\" rel=\"nofollow noopener\" target=\"_blank\">[email\u00a0protected]<\/a>\u2009; le programme de la matin\u00e9e est <a href=\"https:\/\/www.lille.fr\/Actualites\/Venez-parler-velo-a-Lille-%21\" rel=\"nofollow noopener\" target=\"_blank\">disponible en ligne<\/a>.<\/li>\n<li><b>20\u2009h\u2009: un bal cycliste au Grand Sud<\/b><br \/>Un grand moment festif vous attend au Grand Sud, avec un \u00ab\u2009bal cycliste\u2009\u00bb, pr\u00e9vu le vendredi soir, en c\u00e9l\u00e9bration du d\u00e9part du Tour. Pour animer la soir\u00e9e\u2009: les d\u00e9jant\u00e9s passionn\u00e9s de musique et de v\u00e9lo Chasse Patates, qui suivront d\u2019ailleurs les autres \u00e9tapes nordistes\u2009! Plus d\u2019infos <a href=\"https:\/\/actu.fr\/hauts-de-france\/lille_59350\/insolite-tour-de-france-a-lille-un-grand-bal-cycliste-anime-par-le-groupe-dejante-chasse-patates_62717301.html\" rel=\"nofollow noopener\" target=\"_blank\">par ici<\/a>.<\/li>\n<\/ul>\n<p class=\" wall-content\">Ce jour-l\u00e0, le village d\u00e9part sera install\u00e9 au Champ de Mars.<\/p>\n<p class=\" wall-content\">L\u2019agenda du samedi 5\u00a0juillet\u2009:<\/p>\n<ul class=\" wall-content\">\n<li><b>13\u2009h\u200905\u2009: D\u00e9part fictif de la premi\u00e8re \u00e9tape (all\u00e9e des Marronniers)<\/b><\/li>\n<li><b>Vers 17\u2009h\u200930\u2009: arriv\u00e9e (boulevard Vauban)<\/b><\/li>\n<\/ul>\n<p class=\" wall-content\">Pour conna\u00eetre le d\u00e9tail des rues travers\u00e9es par les coureurs sur la premi\u00e8re \u00e9tape, consultez notre article cibl\u00e9. Notez que <a href=\"https:\/\/actu.fr\/hauts-de-france\/lille_59350\/tour-de-france-2025-a-lille-voici-les-parcours-des-etapes-organisees-dans-le-nord-et-le-pas-de-calais_61799749.html\" rel=\"nofollow noopener\" target=\"_blank\">deux autres \u00e9tapes sont pr\u00e9vues sur le territoire<\/a>\u2009: le dimanche 6\u00a0juillet de Lauwin-Planque \u00e0 Boulogne-sur-Mer, et le lundi 7\u00a0juillet, de Valenciennes \u00e0 Dunkerque.<b\/><\/p>\n<p class=\" wall-content\">Suivez toute l\u2019actualit\u00e9 de vos villes et m\u00e9dias favoris en vous inscrivant \u00e0 <a href=\"https:\/\/moncompte.actu.fr\" title=\"D\u00e9couvez Mon Actu\" rel=\"nofollow noopener\" data-trk=\"{&quot;cta&quot;:{&quot;action&quot;:&quot;https:\\\/\\\/moncompte.actu.fr&quot;,&quot;category&quot;:&quot;mon compte&quot;,&quot;from&quot;:&quot;article footer&quot;,&quot;name&quot;:&quot;Mon actu&quot;,&quot;type&quot;:&quot;cta&quot;}}\" target=\"_blank\">Mon Actu<\/a>.<\/p>\n","protected":false},"excerpt":{"rendered":"Par Amandine Vachez Publi\u00e9 le 29 juin 2025 \u00e0 16h20 Cela n\u2019\u00e9tait pas arriv\u00e9 depuis 1994\u2009! Le grand&hellip;\n","protected":false},"author":2,"featured_media":213556,"comment_status":"","ping_status":"","sticky":false,"template":"","format":"standard","meta":{"footnotes":""},"categories":[2815],"tags":[1111,11,1777,674,1011,27,811,1307,1652,12,25,210],"class_list":{"0":"post-213555","1":"post","2":"type-post","3":"status-publish","4":"format-standard","5":"has-post-thumbnail","7":"category-lille","8":"tag-actu","9":"tag-actualites","10":"tag-eu","11":"tag-europe","12":"tag-fr","13":"tag-france","14":"tag-hauts-de-france","15":"tag-lille","16":"tag-loisirs-culture","17":"tag-news","18":"tag-republique-francaise","19":"tag-tour-de-france"},"share_on_mastodon":{"url":"https:\/\/pubeurope.com\/@fr\/114767328945561116","error":""},"_links":{"self":[{"href":"https:\/\/www.europesays.com\/fr\/wp-json\/wp\/v2\/posts\/213555","targetHints":{"allow":["GET"]}}],"collection":[{"href":"https:\/\/www.europesays.com\/fr\/wp-json\/wp\/v2\/posts"}],"about":[{"href":"https:\/\/www.europesays.com\/fr\/wp-json\/wp\/v2\/types\/post"}],"author":[{"embeddable":true,"href":"https:\/\/www.europesays.com\/fr\/wp-json\/wp\/v2\/users\/2"}],"replies":[{"embeddable":true,"href":"https:\/\/www.europesays.com\/fr\/wp-json\/wp\/v2\/comments?post=213555"}],"version-history":[{"count":0,"href":"https:\/\/www.europesays.com\/fr\/wp-json\/wp\/v2\/posts\/213555\/revisions"}],"wp:featuredmedia":[{"embeddable":true,"href":"https:\/\/www.europesays.com\/fr\/wp-json\/wp\/v2\/media\/213556"}],"wp:attachment":[{"href":"https:\/\/www.europesays.com\/fr\/wp-json\/wp\/v2\/media?parent=213555"}],"wp:term":[{"taxonomy":"category","embeddable":true,"href":"https:\/\/www.europesays.com\/fr\/wp-json\/wp\/v2\/categories?post=213555"},{"taxonomy":"post_tag","embeddable":true,"href":"https:\/\/www.europesays.com\/fr\/wp-json\/wp\/v2\/tags?post=213555"}],"curies":[{"name":"wp","href":"https:\/\/api.w.org\/{rel}","templated":true}]}}