{"id":213557,"date":"2025-06-29T15:20:28","date_gmt":"2025-06-29T15:20:28","guid":{"rendered":"https:\/\/www.europesays.com\/fr\/213557\/"},"modified":"2025-06-29T15:20:28","modified_gmt":"2025-06-29T15:20:28","slug":"litalie-debarque-a-marseille-avec-le-ciao-moka-festival","status":"publish","type":"post","link":"https:\/\/www.europesays.com\/fr\/213557\/","title":{"rendered":"L\u2019Italie d\u00e9barque \u00e0 Marseille avec le Ciao Moka festival"},"content":{"rendered":"\n<p>L\u2019Italie prend ses marques \u00e0 Marseille avec le Ciao Moka festival. Un rendez-vous qui vante les m\u00e9rites de la diversit\u00e9 culturelle transalpine. Musique, danse, cin\u00e9ma, histoire, langue ou encore gastronomie\u00a0: autant de th\u00e9matiques qui mettront \u00e0 l\u2019honneur les talents et savoirs du pays.<\/p>\n<p>Un \u00e9v\u00e9nement qui r\u00e9unira de nombreux artistes et chanteurs originaires de la r\u00e9gion des Pouilles, comme l\u2019explique Sonia Nisi, directrice artistique et organisatrice du festival\u00a0: \u00ab\u00a0Nous souhaitons mettre en lumi\u00e8re des artistes italiens \u00e9mergents et confirm\u00e9s en Italie qui font leurs premiers pas \u00e0 l\u2019international. Avec ce festival, on a l\u2019envie de cr\u00e9er un pont entre la sc\u00e8ne artistique italienne et la sc\u00e8ne marseillaise, dans une dynamique d\u2019\u00e9changes, de convivialit\u00e9 et de culture.\u00a0\u00bb <\/p>\n<p>Un festival soutenu par le consul g\u00e9n\u00e9ral d\u2019Italie de Marseille, Fabio Monaco. \u00ab\u00a0C\u2019est un projet non seulement de promotion de la langue, de la culture et de la musique italienne, mais c\u2019est aussi un pont entre nous, les institutions italiennes, et notre communaut\u00e9 qui s\u2019est install\u00e9e dans la ville\u00a0\u00bb, se f\u00e9licite-t-il.<\/p>\n<p> Une programmation<br \/>\n               <br \/>haute en couleur\n              <\/p>\n<p>Pour mettre en avant l\u2019h\u00e9ritage de l\u2019immigration italienne \u00e0 Marseille, une visite guid\u00e9e sera propos\u00e9e aux visiteurs au d\u00e9part de la biblioth\u00e8que de l\u2019Alcazar, le dimanche 20 juillet \u00e0 9h30. Des ateliers de cuisine sont \u00e9galement au programme, pour permettre aux Marseillais de ma\u00eetriser l\u2019art de la confection des p\u00e2tes et autres antipasti en tout genre. Une initiation \u00e0 la Ronda di pizzica, danse traditionnelle italienne, est \u00e9galement pr\u00e9vue le vendredi 18\u00a0juillet \u00e0 20h30 au son des tambours. Dans le cadre de l\u2019\u00e9t\u00e9 marseillais et du Cin\u00e9 plein air Marseille, une projection du film Les Merveilles est au programme le vendredi 18 juillet \u00e0 21h30.<\/p>\n<p>Mais le Ciao Moka festival, c\u2019est avant tout un rendez-vous musical incontournable. Au total, ce sont 22\u00a0artistes qui se produiront sur sc\u00e8ne. Parmi eux, Lavinia Mancusi, \u00e9toile montante de la folk italienne. Une chanteuse qui offrira un spectacle complet, ma\u00eetrisant l\u2019art du violon, de la guitare et des percussions.<\/p>\n<p> Premi\u00e8re au parc Longchamp\n              <\/p>\n<p>Dans un tout autre style, le groupe Fuera proposera quant \u00e0 lui une prestation m\u00ealant rap, techno et psych\u00e9d\u00e9lisme le soir du 19 juillet. DJ Costegno sera lui aussi pr\u00e9sent le m\u00eame jour pour assurer un show aux rythmes tropicaux et disco.<\/p>\n<p>Des artistes qui partageront \u00e9galement la sc\u00e8ne avec Maria Chiara Argir\u00f2, pianiste virtuose, qui navigue avec aisance entre jazz, classique et \u00e9lectronique.<\/p>\n<p>Pour cette 5e \u00e9dition, Sonia Nisi a souhait\u00e9 offrir un air de renouveau au festival. Et c\u2019est chose faite puisque le parc Longchamp accueillera pour la premi\u00e8re fois cette ann\u00e9e les quelque 3\u00a0000\u00a0personnes qui viennent profiter du festival tous les \u00e9t\u00e9s.<\/p>\n","protected":false},"excerpt":{"rendered":"L\u2019Italie prend ses marques \u00e0 Marseille avec le Ciao Moka festival. Un rendez-vous qui vante les m\u00e9rites de&hellip;\n","protected":false},"author":2,"featured_media":213558,"comment_status":"","ping_status":"","sticky":false,"template":"","format":"standard","meta":{"footnotes":""},"categories":[2814],"tags":[1111,11,1777,674,1011,27,884,12,3551,882,25],"class_list":{"0":"post-213557","1":"post","2":"type-post","3":"status-publish","4":"format-standard","5":"has-post-thumbnail","7":"category-marseille","8":"tag-actu","9":"tag-actualites","10":"tag-eu","11":"tag-europe","12":"tag-fr","13":"tag-france","14":"tag-marseille","15":"tag-news","16":"tag-programmation","17":"tag-provence-alpes-cote-dazur","18":"tag-republique-francaise"},"share_on_mastodon":{"url":"https:\/\/pubeurope.com\/@fr\/114767332905953823","error":""},"_links":{"self":[{"href":"https:\/\/www.europesays.com\/fr\/wp-json\/wp\/v2\/posts\/213557","targetHints":{"allow":["GET"]}}],"collection":[{"href":"https:\/\/www.europesays.com\/fr\/wp-json\/wp\/v2\/posts"}],"about":[{"href":"https:\/\/www.europesays.com\/fr\/wp-json\/wp\/v2\/types\/post"}],"author":[{"embeddable":true,"href":"https:\/\/www.europesays.com\/fr\/wp-json\/wp\/v2\/users\/2"}],"replies":[{"embeddable":true,"href":"https:\/\/www.europesays.com\/fr\/wp-json\/wp\/v2\/comments?post=213557"}],"version-history":[{"count":0,"href":"https:\/\/www.europesays.com\/fr\/wp-json\/wp\/v2\/posts\/213557\/revisions"}],"wp:featuredmedia":[{"embeddable":true,"href":"https:\/\/www.europesays.com\/fr\/wp-json\/wp\/v2\/media\/213558"}],"wp:attachment":[{"href":"https:\/\/www.europesays.com\/fr\/wp-json\/wp\/v2\/media?parent=213557"}],"wp:term":[{"taxonomy":"category","embeddable":true,"href":"https:\/\/www.europesays.com\/fr\/wp-json\/wp\/v2\/categories?post=213557"},{"taxonomy":"post_tag","embeddable":true,"href":"https:\/\/www.europesays.com\/fr\/wp-json\/wp\/v2\/tags?post=213557"}],"curies":[{"name":"wp","href":"https:\/\/api.w.org\/{rel}","templated":true}]}}