{"id":213575,"date":"2025-06-29T15:29:12","date_gmt":"2025-06-29T15:29:12","guid":{"rendered":"https:\/\/www.europesays.com\/fr\/213575\/"},"modified":"2025-06-29T15:29:12","modified_gmt":"2025-06-29T15:29:12","slug":"baignade-dans-la-seine-a-paris-avec-la-canicule-difficile-de-lutter-contre-les-plongeons-interdits","status":"publish","type":"post","link":"https:\/\/www.europesays.com\/fr\/213575\/","title":{"rendered":"Baignade dans la Seine \u00e0 Paris\u00a0: avec la canicule, difficile de lutter contre les plongeons interdits"},"content":{"rendered":"<p class=\"paragraph text_align_left lp-f-body-02\">Les <a href=\"https:\/\/www.leparisien.fr\/paris-75\/apres-100-ans-dinterdiction-on-va-plonger-dans-la-seine-cet-ete-tout-savoir-sur-les-sites-de-baignade-a-paris-26-05-2025-6OYY6AOMNRHOHBCBJYOAXR4X74.php\" target=\"_blank\" rel=\"noreferrer nofollow noopener\">premi\u00e8res brasses dans la Seine<\/a> ne pourront l\u00e9galement se faire <a href=\"https:\/\/www.leparisien.fr\/paris-75\/paris-la-baignade-dans-la-seine-ouverte-des-le-5-juillet-14-05-2025-G7KZDAQM6JD3BG74EWUCURWYQY.php\" target=\"_blank\" rel=\"noreferrer nofollow noopener\">que dans moins d\u2019une semaine<\/a>, le 5 juillet. Mais pour ce groupe de copains britanniques, install\u00e9s sur les quais du port de Grenelle (XVe arrondissement de Paris), l\u2019envie \u00e9tait trop forte. Il faut dire que sous <a href=\"https:\/\/www.leparisien.fr\/meteo\/canicule-73-departements-en-vigilance-orange-ce-dimanche-et-egalement-pour-la-journee-de-lundi-encore-plus-chaude-29-06-2025-452TKGEGVFB4RKIDSOOWSVLZDA.php\" target=\"_blank\" rel=\"noreferrer nofollow noopener\">la chaleur assommante<\/a> de ce dimanche apr\u00e8s-midi, apr\u00e8s une bouteille de ros\u00e9 ti\u00e8de d\u00e9j\u00e0 s\u00e9rieusement entam\u00e9e, difficile de r\u00e9sister \u00e0 ce plongeon pourtant interdit et dangereux.<\/p>\n<p class=\"paragraph text_align_left lp-f-body-02\">\u00ab Elle est trop bonne \u00bb, s\u2019extasie le premier du groupe \u00e0 s\u2019\u00eatre lanc\u00e9 avant d\u2019\u00eatre rejoint par les autres. Sans le savoir, les quatre amis viennent de se jeter \u00e0 l\u2019eau pr\u00e9cis\u00e9ment aux abords du site de baignade mis en place par la Ville au port de Grenelle, en plus des deux autres au bras Marie (Paris Centre) et \u00e0 Bercy (XIIe).<\/p>\n","protected":false},"excerpt":{"rendered":"Les premi\u00e8res brasses dans la Seine ne pourront l\u00e9galement se faire que dans moins d\u2019une semaine, le 5&hellip;\n","protected":false},"author":2,"featured_media":213576,"comment_status":"","ping_status":"","sticky":false,"template":"","format":"standard","meta":{"footnotes":""},"categories":[1888],"tags":[11,1777,674,1011,27,1944,12,626,25],"class_list":{"0":"post-213575","1":"post","2":"type-post","3":"status-publish","4":"format-standard","5":"has-post-thumbnail","7":"category-paris","8":"tag-actualites","9":"tag-eu","10":"tag-europe","11":"tag-fr","12":"tag-france","13":"tag-ma-ville","14":"tag-news","15":"tag-paris","16":"tag-republique-francaise"},"share_on_mastodon":{"url":"https:\/\/pubeurope.com\/@fr\/114767368325166594","error":""},"_links":{"self":[{"href":"https:\/\/www.europesays.com\/fr\/wp-json\/wp\/v2\/posts\/213575","targetHints":{"allow":["GET"]}}],"collection":[{"href":"https:\/\/www.europesays.com\/fr\/wp-json\/wp\/v2\/posts"}],"about":[{"href":"https:\/\/www.europesays.com\/fr\/wp-json\/wp\/v2\/types\/post"}],"author":[{"embeddable":true,"href":"https:\/\/www.europesays.com\/fr\/wp-json\/wp\/v2\/users\/2"}],"replies":[{"embeddable":true,"href":"https:\/\/www.europesays.com\/fr\/wp-json\/wp\/v2\/comments?post=213575"}],"version-history":[{"count":0,"href":"https:\/\/www.europesays.com\/fr\/wp-json\/wp\/v2\/posts\/213575\/revisions"}],"wp:featuredmedia":[{"embeddable":true,"href":"https:\/\/www.europesays.com\/fr\/wp-json\/wp\/v2\/media\/213576"}],"wp:attachment":[{"href":"https:\/\/www.europesays.com\/fr\/wp-json\/wp\/v2\/media?parent=213575"}],"wp:term":[{"taxonomy":"category","embeddable":true,"href":"https:\/\/www.europesays.com\/fr\/wp-json\/wp\/v2\/categories?post=213575"},{"taxonomy":"post_tag","embeddable":true,"href":"https:\/\/www.europesays.com\/fr\/wp-json\/wp\/v2\/tags?post=213575"}],"curies":[{"name":"wp","href":"https:\/\/api.w.org\/{rel}","templated":true}]}}