{"id":213583,"date":"2025-06-29T15:33:11","date_gmt":"2025-06-29T15:33:11","guid":{"rendered":"https:\/\/www.europesays.com\/fr\/213583\/"},"modified":"2025-06-29T15:33:11","modified_gmt":"2025-06-29T15:33:11","slug":"au-royaume-uni-des-deputes-travaillistes-font-reculer-la-politique-dausterite-du-gouvernement-starmer","status":"publish","type":"post","link":"https:\/\/www.europesays.com\/fr\/213583\/","title":{"rendered":"Au Royaume-Uni, des d\u00e9put\u00e9s travaillistes font reculer la politique d\u2019aust\u00e9rit\u00e9 du gouvernement Starmer"},"content":{"rendered":"<p>Le premier ministre travailliste britannique, <a href=\"https:\/\/www.humanite.fr\/monde\/parti-travailliste\/royaume-uni-keir-starmer-peine-a-convaincre-les-troupes-travaillistes\" target=\"_blank\" rel=\"noopener\">Keir Starmer<\/a>, a \u00e9t\u00e9 contraint vendredi 27\u00a0juin \u00e0 un nouveau recul\u00a0dans la mise en \u0153uvre de sa politique d\u2019aust\u00e9rit\u00e9. Alors qu\u2019il entendait r\u00e9duire de 5\u00a0milliards de livres, soit 5,86\u00a0milliards d\u2019euros, les allocations aux personnes handicap\u00e9es\u00a0en restreignant leur \u00e9ligibilit\u00e9 aux aides \u00e0 l\u2019invalidit\u00e9 et \u00e0 la maladie, il a \u00e9t\u00e9 confront\u00e9 \u00e0 l\u2019opposition de 126 d\u00e9put\u00e9s travaillistes, soit pr\u00e8s d\u2019un tiers de sa majorit\u00e9 \u00e0 la Chambre des communes.<\/p>\n<p>Deux jours avant, il affirmait pourtant qu\u2019il avait l\u2019intention d\u2019aller jusqu\u2019au bout, mais la crainte d\u2019\u00eatre d\u00e9fait lors du vote pr\u00e9vu le 1er\u00a0juillet l\u2019a contraint \u00e0 renoncer. Il s\u2019agit du troisi\u00e8me revirement du chef du gouvernement travailliste ce mois-ci, apr\u00e8s son r\u00e9trop\u00e9dalage sur la suppression d\u2019une aide au chauffage universelle pour les retrait\u00e9s et sur une enqu\u00eate nationale sur les gangs p\u00e9docriminels, qu\u2019il a finalement autoris\u00e9e. Au pouvoir depuis \u00e0 peine un an, Keir Starmer bat des records d\u2019impopularit\u00e9.<\/p>\n<p>Le m\u00e9dia que les milliardaires ne peuvent pas s\u2019acheter<\/p>\n<p>Nous ne sommes financ\u00e9s par aucun milliardaire. Et nous en sommes fiers\u00a0! Mais nous sommes confront\u00e9s \u00e0 des d\u00e9fis financiers constants. Soutenez-nous\u00a0! Votre don sera d\u00e9fiscalis\u00e9\u00a0: donner 5\u20ac vous reviendra \u00e0 1.65\u20ac. Le prix d\u2019un caf\u00e9.<br \/><a href=\"https:\/\/www.humanite.fr\/lhumanite-cest-vous\" target=\"_blank\" rel=\"noopener\">Je veux en savoir plus\u00a0!<\/a><\/p>\n","protected":false},"excerpt":{"rendered":"Le premier ministre travailliste britannique, Keir Starmer, a \u00e9t\u00e9 contraint vendredi 27\u00a0juin \u00e0 un nouveau recul\u00a0dans la mise&hellip;\n","protected":false},"author":2,"featured_media":213584,"comment_status":"","ping_status":"","sticky":false,"template":"","format":"standard","meta":{"footnotes":""},"categories":[1588],"tags":[11,15441,1777,674,2581,12,473,1853,1851,1850,1852],"class_list":{"0":"post-213583","1":"post","2":"type-post","3":"status-publish","4":"format-standard","5":"has-post-thumbnail","7":"category-royaume-uni","8":"tag-actualites","9":"tag-austu00e9ritu00e9","10":"tag-eu","11":"tag-europe","12":"tag-keir-starmer","13":"tag-news","14":"tag-royaume-uni","15":"tag-royaume-uni-de-grande-bretagne-et-dirlande-du-nord","16":"tag-uk","17":"tag-united-kingdom","18":"tag-united-kingdom-of-great-britain-and-northern-ireland"},"share_on_mastodon":{"url":"https:\/\/pubeurope.com\/@fr\/114767384275910493","error":""},"_links":{"self":[{"href":"https:\/\/www.europesays.com\/fr\/wp-json\/wp\/v2\/posts\/213583","targetHints":{"allow":["GET"]}}],"collection":[{"href":"https:\/\/www.europesays.com\/fr\/wp-json\/wp\/v2\/posts"}],"about":[{"href":"https:\/\/www.europesays.com\/fr\/wp-json\/wp\/v2\/types\/post"}],"author":[{"embeddable":true,"href":"https:\/\/www.europesays.com\/fr\/wp-json\/wp\/v2\/users\/2"}],"replies":[{"embeddable":true,"href":"https:\/\/www.europesays.com\/fr\/wp-json\/wp\/v2\/comments?post=213583"}],"version-history":[{"count":0,"href":"https:\/\/www.europesays.com\/fr\/wp-json\/wp\/v2\/posts\/213583\/revisions"}],"wp:featuredmedia":[{"embeddable":true,"href":"https:\/\/www.europesays.com\/fr\/wp-json\/wp\/v2\/media\/213584"}],"wp:attachment":[{"href":"https:\/\/www.europesays.com\/fr\/wp-json\/wp\/v2\/media?parent=213583"}],"wp:term":[{"taxonomy":"category","embeddable":true,"href":"https:\/\/www.europesays.com\/fr\/wp-json\/wp\/v2\/categories?post=213583"},{"taxonomy":"post_tag","embeddable":true,"href":"https:\/\/www.europesays.com\/fr\/wp-json\/wp\/v2\/tags?post=213583"}],"curies":[{"name":"wp","href":"https:\/\/api.w.org\/{rel}","templated":true}]}}