{"id":21359,"date":"2025-04-13T04:34:17","date_gmt":"2025-04-13T04:34:17","guid":{"rendered":"https:\/\/www.europesays.com\/fr\/21359\/"},"modified":"2025-04-13T04:34:17","modified_gmt":"2025-04-13T04:34:17","slug":"apres-la-suppression-de-sa-securite-le-prince-harry-est-convaincu-detre-au-coeur-dun-complot-pour-le-faire-revenir-en-angleterre","status":"publish","type":"post","link":"https:\/\/www.europesays.com\/fr\/21359\/","title":{"rendered":"Apr\u00e8s la suppression de sa s\u00e9curit\u00e9, le prince Harry est convaincu d\u2019\u00eatre au c\u0153ur d\u2019un complot pour le faire revenir en Angleterre"},"content":{"rendered":"<p>                             Par     <a class=\"fig-content-metas__author\" href=\"https:\/\/www.lefigaro.fr\/auteur\/leonie-dutrievoz\" rel=\"author noopener\" target=\"_blank\">Leonie Dutrievoz<\/a><\/p>\n<p>\n            Publi\u00e9<br \/>\n                le 12 avril 2025 \u00e0 10h32,<br \/>\n                 mis \u00e0 jour le 12 avril 2025 \u00e0 13h44<\/p>\n<p>    Le prince Harry arrive \u00e0 la Cour royale de justice. (Londres, le 9 avril 2025)<br \/>\n                Peters Doug\/EMPICS Entertainment\/ABACA<\/p>\n<p>Le 8 et 9 avril dernier, le prince Harry a comparu devant la Cour royale de justice de Londres au sujet de la suppression de sa protection polici\u00e8re. Le duc de Sussex est persuad\u00e9 d\u2019\u00eatre au c\u0153ur d\u2019un complot.<\/p>\n<p class=\"fig-paragraph\">Loin de Montecito et de sa famille, le prince Harry continue de mener un combat qui remonte \u00e0 2020 et \u00e0<a href=\"http:\/\/madame.lefigaro.fr\/celebrites\/actu-people\/cinq-ans-apres-le-megxit-harry-et-meghan-ont-ils-fait-le-bon-choix-20250109\" data-fig-type=\"Article\" data-gtm-custom-categorie=\"navigation\" data-gtm-custom-action=\"crossclick\" data-gtm-custom-label=\"Contextuel\" data-gtm-event=\"customEventSPE\" data-fig-domain=\"MADAME\" target=\"_blank\" rel=\"noopener\">\u00a0la p\u00e9riode du Megxit<\/a>. Le 8 et 9 avril dernier, le duc de Sussex s\u2019est pr\u00e9sent\u00e9 devant la Cour royale de justice de Londres au sujet de la suppression de sa protection polici\u00e8re depuis\u00a0<a href=\"https:\/\/madame.lefigaro.fr\/celebrites\/video-prince-harry-james-corden-late-late-show-260221-195333\" data-fig-type=\"Article\" data-gtm-custom-categorie=\"navigation\" data-gtm-custom-action=\"crossclick\" data-gtm-custom-label=\"Contextuel\" data-gtm-event=\"customEventSPE\" data-fig-domain=\"MADAME\" target=\"_blank\" rel=\"noopener\">son d\u00e9part pour les \u00c9tats-Unis,<\/a>\u00a0avec son \u00e9pouse Meghan Markle et leur fils Archie. Selon\u00a0<a href=\"https:\/\/www.telegraph.co.uk\/royal-family\/2025\/04\/11\/prince-harry-police-protection-withdrawn-trap-royal-family\/\" target=\"_blank\" rel=\"nofollow noopener\" data-gtm-custom-categorie=\"navigation\" data-gtm-custom-action=\"crossclick\" data-gtm-custom-label=\"Contextuel\" data-gtm-event=\"customEventSPE\">The Telegraph<\/a>, le fils du roi Charles III estime que l\u2019annulation de cette s\u00e9curit\u00e9 ferait partie d\u2019une strat\u00e9gie pour le pousser, lui et sa famille, \u00e0 rester au Royaume-Uni. Mais aussi \u00e0 le faire revenir pour r\u00e9int\u00e9grer le clan Windsor et reprendre ses obligations royales, alors qu\u2019il est d\u00e9sormais install\u00e9 en Californie. Selon la biographe Ingrid Seward, l\u2019hypoth\u00e8se du complot ne serait pas valable. \u00abL\u2019id\u00e9e qu\u2019ils lui auraient retir\u00e9 sa protection pour qu\u2019il reste dans le pays&#8230; C\u2019est d\u00e9lirant, n\u2019est-ce pas\u00a0?\u00bb, a-t-elle d\u00e9clar\u00e9 \u00e0\u00a0<a href=\"https:\/\/www.thesun.co.uk\/royals\/34426718\/prince-harry-security-scrapped-prevent-him-leaving-royal-family\/\" target=\"_blank\" rel=\"nofollow noopener\" data-gtm-custom-categorie=\"navigation\" data-gtm-custom-action=\"crossclick\" data-gtm-custom-label=\"Contextuel\" data-gtm-event=\"customEventSPE\">The Sun<\/a> .\u00a0<\/p>\n<p class=\"fig-body-link&#10;    \">\n            \u00c0 lire aussi<br \/>\n        <a class=\"fig-body-link__link\" href=\"http:\/\/madame.lefigaro.fr\/celebrites\/actu-people\/devant-les-tribunaux-anglais-le-prince-harry-estime-avoir-ete-mis-a-l-ecart-de-la-famille-royale-britannique-20250409\" data-fig-type=\"Article\" data-gtm-custom-categorie=\"navigation\" data-gtm-custom-action=\"crossclick\" data-gtm-custom-label=\"Contextuel\" data-gtm-event=\"customEventSPE\" data-fig-domain=\"MADAME\" target=\"_blank\" rel=\"noopener\">Devant les tribunaux anglais, le prince Harry estime avoir \u00e9t\u00e9 \u00abmis \u00e0 l\u2019\u00e9cart\u00bb de la famille royale britannique<\/a>\n<\/p>\n<p>\u00a0\u00bb<br \/>\n        data-script=\u00a0\u00bbhttps:\/\/static.lefigaro.fr\/widget-video\/short-ttl\/video\/index.js\u00a0\u00bb<br \/>\n    &gt;<\/p>\n<p>\u00abSes pires craintes\u00bb<\/p>\n<p class=\"fig-paragraph\">Pour rappel, en 2020, alors que le prince Harry a d\u00e9cid\u00e9 de prendre de la distance avec la famille royale britannique et de s\u2019installer aux \u00c9tats-Unis,\u00a0<a href=\"https:\/\/madame.lefigaro.fr\/celebrites\/une-petition-pour-retirer-au-prince-harry-et-meghan-markle-les-titres-de-duc-et-duchesse-de-sussex-040919-166657\" data-fig-type=\"Article\" data-gtm-custom-categorie=\"navigation\" data-gtm-custom-action=\"crossclick\" data-gtm-custom-label=\"Contextuel\" data-gtm-event=\"customEventSPE\" data-fig-domain=\"MADAME\" target=\"_blank\" rel=\"noopener\">certains privil\u00e8ges lui ont \u00e9t\u00e9 retir\u00e9s.<\/a>\u00a0C\u2019est notamment le cas de cette protection polici\u00e8re qui ne peut plus lui \u00eatre accord\u00e9 lors de ses s\u00e9jours sur le sol britannique. Face \u00e0 cette d\u00e9cision, le duc de Sussex a choisi de poursuivre le gouvernement pour que cette s\u00e9curit\u00e9 soit r\u00e9tablie.<\/p>\n<p class=\"fig-paragraph\">Si l\u2019audience s\u2019est tenue \u00e0 huis clos, selon The Telegraph, le prince Harry aurait laiss\u00e9 entendre qu\u2019il \u00e9tait extr\u00eamement m\u00e9content des t\u00e9moignages qu\u2019il a pu \u00e9couter au sein de la Cour royale de justice de Londres. \u00abLes gens seraient choqu\u00e9s par ce qui a \u00e9t\u00e9 retenu\u00bb, a-t-il d\u00e9clar\u00e9, rapporte le quotidien britannique, ajoutant que ses \u00abpires craintes ont \u00e9t\u00e9 confirm\u00e9es par l\u2019ensemble des informations juridique dans cette affaire et c\u2019est vraiment triste\u00bb.\u00a0<a href=\"http:\/\/madame.lefigaro.fr\/celebrites\/actu-people\/d-ou-sort-cette-rare-photo-d-archie-le-fils-de-meghan-markle-et-du-prince-harry-20250103\" data-fig-type=\"Article\" data-gtm-custom-categorie=\"navigation\" data-gtm-custom-action=\"crossclick\" data-gtm-custom-label=\"Contextuel\" data-gtm-event=\"customEventSPE\" data-fig-domain=\"MADAME\" target=\"_blank\" rel=\"noopener\">Le p\u00e8re d\u2019Archie et Lilibet<\/a>\u00a0aurait notamment d\u00e9clar\u00e9 qu\u2019il \u00e9tait \u00ab\u00e9puis\u00e9\u00bb et \u00abd\u00e9pass\u00e9\u00bb par toute cette proc\u00e9dure qui le suit depuis plusieurs ann\u00e9es.<\/p>\n","protected":false},"excerpt":{"rendered":"Par Leonie Dutrievoz Publi\u00e9 le 12 avril 2025 \u00e0 10h32, mis \u00e0 jour le 12 avril 2025 \u00e0&hellip;\n","protected":false},"author":2,"featured_media":21360,"comment_status":"","ping_status":"","sticky":false,"template":"","format":"standard","meta":{"footnotes":""},"categories":[8],"tags":[976,972,58,59,638,1011,27,977,908,973,975,267,2694,656,974],"class_list":{"0":"post-21359","1":"post","2":"type-post","3":"status-publish","4":"format-standard","5":"has-post-thumbnail","7":"category-divertissement","8":"tag-actu-people","9":"tag-celebrite","10":"tag-divertissement","11":"tag-entertainment","12":"tag-figaro","13":"tag-fr","14":"tag-france","15":"tag-madame","16":"tag-meghan-markle","17":"tag-people","18":"tag-potain-de-stars","19":"tag-prince-harry","20":"tag-proces","21":"tag-securite","22":"tag-star"},"share_on_mastodon":{"url":"https:\/\/pubeurope.com\/@fr\/114328794859349764","error":""},"_links":{"self":[{"href":"https:\/\/www.europesays.com\/fr\/wp-json\/wp\/v2\/posts\/21359","targetHints":{"allow":["GET"]}}],"collection":[{"href":"https:\/\/www.europesays.com\/fr\/wp-json\/wp\/v2\/posts"}],"about":[{"href":"https:\/\/www.europesays.com\/fr\/wp-json\/wp\/v2\/types\/post"}],"author":[{"embeddable":true,"href":"https:\/\/www.europesays.com\/fr\/wp-json\/wp\/v2\/users\/2"}],"replies":[{"embeddable":true,"href":"https:\/\/www.europesays.com\/fr\/wp-json\/wp\/v2\/comments?post=21359"}],"version-history":[{"count":0,"href":"https:\/\/www.europesays.com\/fr\/wp-json\/wp\/v2\/posts\/21359\/revisions"}],"wp:featuredmedia":[{"embeddable":true,"href":"https:\/\/www.europesays.com\/fr\/wp-json\/wp\/v2\/media\/21360"}],"wp:attachment":[{"href":"https:\/\/www.europesays.com\/fr\/wp-json\/wp\/v2\/media?parent=21359"}],"wp:term":[{"taxonomy":"category","embeddable":true,"href":"https:\/\/www.europesays.com\/fr\/wp-json\/wp\/v2\/categories?post=21359"},{"taxonomy":"post_tag","embeddable":true,"href":"https:\/\/www.europesays.com\/fr\/wp-json\/wp\/v2\/tags?post=21359"}],"curies":[{"name":"wp","href":"https:\/\/api.w.org\/{rel}","templated":true}]}}