{"id":213603,"date":"2025-06-29T15:44:11","date_gmt":"2025-06-29T15:44:11","guid":{"rendered":"https:\/\/www.europesays.com\/fr\/213603\/"},"modified":"2025-06-29T15:44:11","modified_gmt":"2025-06-29T15:44:11","slug":"basket-ball-la-ffbb-continue-avec-sa-marque-auto","status":"publish","type":"post","link":"https:\/\/www.europesays.com\/fr\/213603\/","title":{"rendered":"Basket-ball. La FFBB continue avec sa marque auto"},"content":{"rendered":"<p class=\"mb-4\"><strong>Sponsoring<\/strong>. Suzuki France Automobile renouvelle son partenariat avec la F\u00e9d\u00e9ration Fran\u00e7aise de BasketBall (FFBB) et les \u00c9quipes de France pour trois ann\u00e9es suppl\u00e9mentaires, jusqu\u2019en 2028. L\u2019annonce, rendue officielle dans <a href=\"https:\/\/www.ffbb.com\/actualites\/suzuki-france-automobile-renouvelle-son-partenariat-avec-la-federation-francaise-de-basketball-et-les-equipes-de-france-de-basket\" data-type=\"link\" data-id=\"https:\/\/www.ffbb.com\/actualites\/suzuki-france-automobile-renouvelle-son-partenariat-avec-la-federation-francaise-de-basketball-et-les-equipes-de-france-de-basket\" target=\"_blank\" rel=\"noreferrer noopener\">un communiqu\u00e9<\/a> publi\u00e9 mardi 29 avril 2025, a \u00e9t\u00e9 faite \u00e0 l\u2019occasion des finales de la Coupe de France disput\u00e9es. Suzuki, qui a le statut de Fournisseur officiel, a d\u00e9but\u00e9 sa collaboration en 2019.<\/p>\n<p class=\"mb-4\">\u00a9 SportBusiness.Club Avril 2025<\/p>\n","protected":false},"excerpt":{"rendered":"Sponsoring. Suzuki France Automobile renouvelle son partenariat avec la F\u00e9d\u00e9ration Fran\u00e7aise de BasketBall (FFBB) et les \u00c9quipes de&hellip;\n","protected":false},"author":2,"featured_media":213604,"comment_status":"","ping_status":"","sticky":false,"template":"","format":"standard","meta":{"footnotes":""},"categories":[1414],"tags":[1465,1464,1011,27,60],"class_list":{"0":"post-213603","1":"post","2":"type-post","3":"status-publish","4":"format-standard","5":"has-post-thumbnail","7":"category-basket","8":"tag-basket","9":"tag-basketball","10":"tag-fr","11":"tag-france","12":"tag-sports"},"share_on_mastodon":{"url":"https:\/\/pubeurope.com\/@fr\/114767427315998752","error":""},"_links":{"self":[{"href":"https:\/\/www.europesays.com\/fr\/wp-json\/wp\/v2\/posts\/213603","targetHints":{"allow":["GET"]}}],"collection":[{"href":"https:\/\/www.europesays.com\/fr\/wp-json\/wp\/v2\/posts"}],"about":[{"href":"https:\/\/www.europesays.com\/fr\/wp-json\/wp\/v2\/types\/post"}],"author":[{"embeddable":true,"href":"https:\/\/www.europesays.com\/fr\/wp-json\/wp\/v2\/users\/2"}],"replies":[{"embeddable":true,"href":"https:\/\/www.europesays.com\/fr\/wp-json\/wp\/v2\/comments?post=213603"}],"version-history":[{"count":0,"href":"https:\/\/www.europesays.com\/fr\/wp-json\/wp\/v2\/posts\/213603\/revisions"}],"wp:featuredmedia":[{"embeddable":true,"href":"https:\/\/www.europesays.com\/fr\/wp-json\/wp\/v2\/media\/213604"}],"wp:attachment":[{"href":"https:\/\/www.europesays.com\/fr\/wp-json\/wp\/v2\/media?parent=213603"}],"wp:term":[{"taxonomy":"category","embeddable":true,"href":"https:\/\/www.europesays.com\/fr\/wp-json\/wp\/v2\/categories?post=213603"},{"taxonomy":"post_tag","embeddable":true,"href":"https:\/\/www.europesays.com\/fr\/wp-json\/wp\/v2\/tags?post=213603"}],"curies":[{"name":"wp","href":"https:\/\/api.w.org\/{rel}","templated":true}]}}