{"id":213644,"date":"2025-06-29T16:11:08","date_gmt":"2025-06-29T16:11:08","guid":{"rendered":"https:\/\/www.europesays.com\/fr\/213644\/"},"modified":"2025-06-29T16:11:08","modified_gmt":"2025-06-29T16:11:08","slug":"que-trouve-t-on-dans-le-nouveau-magasin-action","status":"publish","type":"post","link":"https:\/\/www.europesays.com\/fr\/213644\/","title":{"rendered":"que trouve-t-on dans le nouveau magasin Action\u00a0?"},"content":{"rendered":"<p>            Par<br \/>\n        <strong><br \/>\n            <a href=\"https:\/\/actu.fr\/auteur\/metropoop\" title=\"Consulter tous les articles de R\u00e9daction M\u00e9tropolitain\" rel=\"nofollow noopener\" target=\"_blank\">R\u00e9daction M\u00e9tropolitain<\/a><br \/>\n        <\/strong><\/p>\n<p>        Publi\u00e9 le<\/p>\n<p>            29 juin 2025 \u00e0 17h36        <\/p>\n<p><strong>Ce samedi 28 juin 2025<\/strong>, l\u2019enseigne de discount non alimentaire Action a ouvert son deuxi\u00e8me magasin \u00e0 Saint-Jean-de-V\u00e9das. Ce nouveau point de vente s\u2019inscrit dans la strat\u00e9gie d\u2019expansion de l\u2019enseigne en France. Avec cette ouverture, Action compte d\u00e9sormais 872 magasins sur le territoire national. L\u2019\u00e9tablissement s\u2019\u00e9tend sur une surface de 863 m\u00e8tres carr\u00e9s. Il est ouvert du lundi au samedi <strong>de 8h30 \u00e0 20h<\/strong>.<\/p>\n<p>    <a href=\"https:\/\/www.google.com\/maps\/embed?pb=!1m18!1m12!1m3!1d11556.70365169137!2d3.8567936!3d43.60287875!2m3!1f0!2f0!3f0!3m2!1i1024!2i768!4f13.1!3m3!1m2!1s0x12b6b1fd7f73acd3%3A0x4078821166abe30!2s34430%20Saint-Jean-de-V%C3%A9das!5e0!3m2!1sfr!2sfr!4v1751041763132!5m2!1sfr!2sfr\" title=\"Ouvrie le lien\" rel=\"nofollow noopener\" target=\"_blank\">Cliquez ici pour visualiser le contenu<\/a><\/p>\n<p class=\" wall-content\">Comme dans l\u2019ensemble du r\u00e9seau Action, ce nouveau magasin propose un assortiment de 6 000 produits r\u00e9partis dans 14 cat\u00e9gories. Les clients peuvent y trouver des articles de maison, de bricolage, de jardinage, des jouets, des produits alimentaires ou encore des articles de d\u00e9coration. Action renouvelle chaque semaine son offre en int\u00e9grant <strong>150 nouveaux produits<\/strong>. Plus des deux tiers des articles propos\u00e9s co\u00fbtent moins de 2 euros.<\/p>\n<p>Une \u00e9quipe de 35 collaborateurs sur place<\/p>\n<p class=\" wall-content\">Le magasin de Saint-Jean-de-V\u00e9das emploie 35 collaborateurs. L\u2019entreprise met en avant l\u2019importance du travail collectif. Wouter De Backer, directeur g\u00e9n\u00e9ral d\u2019Action en France, d\u00e9clare dans un communiqu\u00e9 <strong>en date de ce vendredi 27 juin<\/strong> : \u00ab\u00a0Nous sommes ravis d\u2019ouvrir notre deuxi\u00e8me magasin \u00e0 Saint-Jean-de-V\u00e9das. Nous esp\u00e9rons que nos clients vont nous r\u00e9server un accueil chaleureux, et nous sommes heureux de pouvoir leur proposer notre assortiment dans ce nouveau point de vente, proche de chez eux. Notre succ\u00e8s r\u00e9side dans l\u2019engagement et la fid\u00e9lit\u00e9 de nos \u00e9quipes, dont nous sommes tr\u00e8s fiers. Je tiens \u00e0 remercier tous ceux qui ont contribu\u00e9 \u00e0 une telle r\u00e9ussite : nos clients, nos collaborateurs, nos fournisseurs et tous ceux qui nous soutiennent.\u00a0\u00bb<\/p>\n<p class=\" wall-content\">Suivez toute l\u2019actualit\u00e9 de vos villes et m\u00e9dias favoris en vous inscrivant \u00e0 <a href=\"https:\/\/moncompte.actu.fr\" title=\"D\u00e9couvez Mon Actu\" rel=\"nofollow noopener\" data-trk=\"{&quot;cta&quot;:{&quot;action&quot;:&quot;https:\\\/\\\/moncompte.actu.fr&quot;,&quot;category&quot;:&quot;mon compte&quot;,&quot;from&quot;:&quot;article footer&quot;,&quot;name&quot;:&quot;Mon actu&quot;,&quot;type&quot;:&quot;cta&quot;}}\" target=\"_blank\">Mon Actu<\/a>.<\/p>\n","protected":false},"excerpt":{"rendered":"Par R\u00e9daction M\u00e9tropolitain Publi\u00e9 le 29 juin 2025 \u00e0 17h36 Ce samedi 28 juin 2025, l\u2019enseigne de discount&hellip;\n","protected":false},"author":2,"featured_media":213645,"comment_status":"","ping_status":"","sticky":false,"template":"","format":"standard","meta":{"footnotes":""},"categories":[9599],"tags":[1111,11,215,33,1777,674,1011,27,2208,12,2680,25],"class_list":{"0":"post-213644","1":"post","2":"type-post","3":"status-publish","4":"format-standard","5":"has-post-thumbnail","7":"category-montpellier","8":"tag-actu","9":"tag-actualites","10":"tag-commerce","11":"tag-economie","12":"tag-eu","13":"tag-europe","14":"tag-fr","15":"tag-france","16":"tag-montpellier","17":"tag-news","18":"tag-occitanie","19":"tag-republique-francaise"},"share_on_mastodon":{"url":"https:\/\/pubeurope.com\/@fr\/114767533661925903","error":""},"_links":{"self":[{"href":"https:\/\/www.europesays.com\/fr\/wp-json\/wp\/v2\/posts\/213644","targetHints":{"allow":["GET"]}}],"collection":[{"href":"https:\/\/www.europesays.com\/fr\/wp-json\/wp\/v2\/posts"}],"about":[{"href":"https:\/\/www.europesays.com\/fr\/wp-json\/wp\/v2\/types\/post"}],"author":[{"embeddable":true,"href":"https:\/\/www.europesays.com\/fr\/wp-json\/wp\/v2\/users\/2"}],"replies":[{"embeddable":true,"href":"https:\/\/www.europesays.com\/fr\/wp-json\/wp\/v2\/comments?post=213644"}],"version-history":[{"count":0,"href":"https:\/\/www.europesays.com\/fr\/wp-json\/wp\/v2\/posts\/213644\/revisions"}],"wp:featuredmedia":[{"embeddable":true,"href":"https:\/\/www.europesays.com\/fr\/wp-json\/wp\/v2\/media\/213645"}],"wp:attachment":[{"href":"https:\/\/www.europesays.com\/fr\/wp-json\/wp\/v2\/media?parent=213644"}],"wp:term":[{"taxonomy":"category","embeddable":true,"href":"https:\/\/www.europesays.com\/fr\/wp-json\/wp\/v2\/categories?post=213644"},{"taxonomy":"post_tag","embeddable":true,"href":"https:\/\/www.europesays.com\/fr\/wp-json\/wp\/v2\/tags?post=213644"}],"curies":[{"name":"wp","href":"https:\/\/api.w.org\/{rel}","templated":true}]}}