{"id":213648,"date":"2025-06-29T16:13:10","date_gmt":"2025-06-29T16:13:10","guid":{"rendered":"https:\/\/www.europesays.com\/fr\/213648\/"},"modified":"2025-06-29T16:13:10","modified_gmt":"2025-06-29T16:13:10","slug":"le-premier-centre-hospitalier-pour-animaux-de-compagnie-a-ouvert-pres-de-rouen","status":"publish","type":"post","link":"https:\/\/www.europesays.com\/fr\/213648\/","title":{"rendered":"le premier centre hospitalier pour animaux de compagnie a ouvert pr\u00e8s de Rouen"},"content":{"rendered":"<p>            Par<br \/>\n        <strong><br \/>\n            <a href=\"https:\/\/actu.fr\/auteur\/isabellevilly\" title=\"Consulter tous les articles de Isabelle Villy\" target=\"_blank\" rel=\"noopener\">Isabelle Villy<\/a><br \/>\n        <\/strong><\/p>\n<p>        Publi\u00e9 le<\/p>\n<p>            29 juin 2025 \u00e0 18h02        <\/p>\n<p>\u00a0\u00ab Les ma\u00eetres sont vraiment pr\u00eats \u00e0 beaucoup de sacrifices pour leurs animaux de compagnie, qui font partie de la famille. Ils ne regardent plus \u00e0 la d\u00e9pense si on leur propose des soins de pointe comme pour les humains \u00bb, d\u00e9clarait Beno\u00eet Grosfils, pr\u00e9sident du Conseil r\u00e9gional de l\u2019Ordre des v\u00e9t\u00e9rinaires de Normandie, le12 juin \u00e0 Mesnil-Esnard, pr\u00e8s de <a href=\"https:\/\/actu.fr\/normandie\/rouen_76540\" target=\"_blank\" rel=\"noopener\">Rouen<\/a> lors de l\u2019inauguration de <strong>Vivanima, le premier centre hospitalier v\u00e9t\u00e9rinaire<\/strong> <strong>pour animaux de compagnie en Normandie<\/strong>.<\/p>\n<p>IRM, piscine et service des urgences<\/p>\n<p class=\" wall-content\">Vis-\u00e0-vis de l\u2019Ordre, pour \u00eatre class\u00e9 comme centre hospitalier, du mat\u00e9riel et des comp\u00e9tences sp\u00e9cifiques ainsi que des v\u00e9t\u00e9rinaires sp\u00e9cialement form\u00e9s sont n\u00e9cessaires. \u00ab Notre projet est n\u00e9 il y a trois ans sur le besoin d\u2019agrandir SeineVet \u00e0 Boos. Il fallait d\u00e9tacher les sp\u00e9cialit\u00e9s.<\/p>\n<p class=\" wall-content\">Depuis le 3 mars, <strong>30 v\u00e9t\u00e9rinaires et 35 auxiliaires<\/strong> accueillent exclusivement les chiens et les chats envoy\u00e9s par les v\u00e9t\u00e9rinaires g\u00e9n\u00e9ralistes de toute la Normandie et de l\u2019ouest parisien afin de traiter des cas compliqu\u00e9s, parce qu\u2019ils n\u2019ont pas les comp\u00e9tences ou les \u00e9quipements de pointe \u00bb, a soulign\u00e9 Adrian Christinelli, pr\u00e9sident de <a href=\"http:\/\/www.vivanima-chv.fr\" target=\"_blank\" rel=\"noopener\">Vivanima<\/a> et v\u00e9t\u00e9rinaire depuis 20 ans.<\/p>\n<p>    <img   decoding=\"async\" loading=\"lazy\" class=\"size-large\" src=\"https:\/\/www.europesays.com\/fr\/wp-content\/uploads\/2025\/06\/45d4cca12058689d4cca120589dd4cv-960x640.jpg\" alt=\"Le Mesnil Esnard Vivanima\" width=\"960\" height=\"640\"\/><br \/>\n    Le maire Jean-Marc Vennin (en bout de paillasse) a salu\u00e9 l\u2019arriv\u00e9e de Vivanima au Mesnil-Esnard.\u00a0 \u00a9Le BulletinOuvert aux NAC d\u00e8s septembre<\/p>\n<p class=\" wall-content\">D\u00e8s le mois de septembre 2025, Vivanima soignera aussi les <strong>NAC<\/strong> (nouveaux animaux de compagnie), comme les lapins, les petits rongeurs, dont les rats, les \u00e9cureuils, les furets, les reptiles et les petits oiseaux. \u00ab En revanche, nous ne faisons pas les animaux de la ferme, les chevaux et les animaux sauvages \u00bb, pr\u00e9cise Adrian Christinelli.<\/p>\n<p class=\" wall-content\">Dans ce complexe unique dans la r\u00e9gion, six v\u00e9t\u00e9rinaires \u00ab lib\u00e9raux \u00bb se sont donc associ\u00e9s pour \u00e9quiper un espace de 2 500 m2, comprenant notamment seize salles de consultations, 200 places d\u2019hospitalisation, quatre blocs de chirurgie dites propres, d\u2019immenses chenils, une IRM, un scanneur, une salle de chimioth\u00e9rapie, une pour la chirurgie dentaire et des appareils d\u2019\u00e9chographie de derni\u00e8re g\u00e9n\u00e9ration.<\/p>\n<blockquote class=\"ac-article-quote wall-content\">\n<p>Nous r\u00e9pondons \u00e0 la demande, car l\u2019animal est un membre de la famille. On parle de pet-parents. Cela d\u00e9crit la relation \u00e9motionnelle qui existe entre l\u2019humain et son animal et la fa\u00e7on de prendre en charge son hospitalisation.<\/p>\n<p>Adrian Christinelli<\/p><\/blockquote>\n<p class=\" wall-content\">Et d\u2019ajouter : \u00ab Nous avons aussi un service d\u2019urgence qui fonctionne 7 jours sur 7 et 24 h sur 24. Au total, ce sont dix-sept sp\u00e9cialit\u00e9s comme la cardiologie, la reproduction, la psychiatrie ou encore la physioth\u00e9rapie, et la r\u00e9\u00e9ducation fonctionnelle avec une piscine pour des soins hydrothermiques, qui sont propos\u00e9es. Nous r\u00e9pondons \u00e0 la demande, car l\u2019animal est un membre de la famille. On parle de pet-parents\u00a0\u00bb.<\/p>\n<p>Des \u00e9quipements \u00e0 la pointe de la technologie<\/p>\n<p class=\" wall-content\">Apr\u00e8s une visite en groupe, Benoit Grosfils a avou\u00e9 \u00eatre impressionn\u00e9 par l\u2019\u00e9tablissement, grand, fonctionnel, moderne et dot\u00e9 d\u2019\u00e9quipements \u00e0 la pointe de la technologie, dont une IRM. \u00ab C\u2019est utile, car cela manquait dans la r\u00e9gion. Il va avoir un succ\u00e8s imm\u00e9diat. D\u2019ailleurs, il en faudrait un sur le secteur de Caen. En plus, c\u2019est beau que ce soient des v\u00e9t\u00e9rinaires lib\u00e9raux et pas des groupes financiers, des vendeurs de croquettes qui aient pu investir et mener \u00e0 bout cette offre de m\u00e9decine. C\u2019est l\u2019avenir de la profession \u00bb.<\/p>\n<p>Suivez l\u2019actualit\u00e9 de Rouen sur notre <a href=\"https:\/\/www.whatsapp.com\/channel\/0029VaKfnf99hXF2ddApFB1D\" target=\"_blank\" rel=\"noopener\">cha\u00eene WhatsApp<\/a> et sur notre <a href=\"https:\/\/www.tiktok.com\/@76actu.fr?lang=fr\" target=\"_blank\" rel=\"noopener\">compte TikTok<\/a><\/p>\n<p class=\" wall-content\">Suivez toute l\u2019actualit\u00e9 de vos villes et m\u00e9dias favoris en vous inscrivant \u00e0 <a href=\"https:\/\/moncompte.actu.fr\" title=\"D\u00e9couvez Mon Actu\" rel=\"nofollow noopener\" data-trk=\"{&quot;cta&quot;:{&quot;action&quot;:&quot;https:\\\/\\\/moncompte.actu.fr&quot;,&quot;category&quot;:&quot;mon compte&quot;,&quot;from&quot;:&quot;article footer&quot;,&quot;name&quot;:&quot;Mon actu&quot;,&quot;type&quot;:&quot;cta&quot;}}\" target=\"_blank\">Mon Actu<\/a>.<\/p>\n<ul class=\"ac-article-tag wall-content\">\n<li><a href=\"https:\/\/actu.fr\/tag\/chien\" data-trk=\"{&quot;cta&quot;:{&quot;action&quot;:&quot;Chien&quot;,&quot;category&quot;:&quot;tag&quot;,&quot;from&quot;:&quot;article footer&quot;,&quot;name&quot;:&quot;Chien&quot;,&quot;type&quot;:&quot;cta&quot;}}\" target=\"_blank\" rel=\"noopener\">#Chien<\/a><\/li>\n<li><a href=\"https:\/\/actu.fr\/tag\/maltraitance-animale\" data-trk=\"{&quot;cta&quot;:{&quot;action&quot;:&quot;Maltraitance animale&quot;,&quot;category&quot;:&quot;tag&quot;,&quot;from&quot;:&quot;article footer&quot;,&quot;name&quot;:&quot;Maltraitance animale&quot;,&quot;type&quot;:&quot;cta&quot;}}\" target=\"_blank\" rel=\"noopener\">#Maltraitance animale<\/a><\/li>\n<\/ul>\n<p>                    <script async src=\"\/\/www.tiktok.com\/embed.js\"><\/script><\/p>\n","protected":false},"excerpt":{"rendered":"Par Isabelle Villy Publi\u00e9 le 29 juin 2025 \u00e0 18h02 \u00a0\u00ab Les ma\u00eetres sont vraiment pr\u00eats \u00e0 beaucoup&hellip;\n","protected":false},"author":2,"featured_media":213649,"comment_status":"","ping_status":"","sticky":false,"template":"","format":"standard","meta":{"footnotes":""},"categories":[9587],"tags":[1111,11,4850,1777,674,1011,27,6795,12,5161,25,9590,104],"class_list":{"0":"post-213648","1":"post","2":"type-post","3":"status-publish","4":"format-standard","5":"has-post-thumbnail","7":"category-rouen","8":"tag-actu","9":"tag-actualites","10":"tag-chien","11":"tag-eu","12":"tag-europe","13":"tag-fr","14":"tag-france","15":"tag-maltraitance-animale","16":"tag-news","17":"tag-normandie","18":"tag-republique-francaise","19":"tag-rouen","20":"tag-societe"},"share_on_mastodon":{"url":"https:\/\/pubeurope.com\/@fr\/114767541502775453","error":""},"_links":{"self":[{"href":"https:\/\/www.europesays.com\/fr\/wp-json\/wp\/v2\/posts\/213648","targetHints":{"allow":["GET"]}}],"collection":[{"href":"https:\/\/www.europesays.com\/fr\/wp-json\/wp\/v2\/posts"}],"about":[{"href":"https:\/\/www.europesays.com\/fr\/wp-json\/wp\/v2\/types\/post"}],"author":[{"embeddable":true,"href":"https:\/\/www.europesays.com\/fr\/wp-json\/wp\/v2\/users\/2"}],"replies":[{"embeddable":true,"href":"https:\/\/www.europesays.com\/fr\/wp-json\/wp\/v2\/comments?post=213648"}],"version-history":[{"count":0,"href":"https:\/\/www.europesays.com\/fr\/wp-json\/wp\/v2\/posts\/213648\/revisions"}],"wp:featuredmedia":[{"embeddable":true,"href":"https:\/\/www.europesays.com\/fr\/wp-json\/wp\/v2\/media\/213649"}],"wp:attachment":[{"href":"https:\/\/www.europesays.com\/fr\/wp-json\/wp\/v2\/media?parent=213648"}],"wp:term":[{"taxonomy":"category","embeddable":true,"href":"https:\/\/www.europesays.com\/fr\/wp-json\/wp\/v2\/categories?post=213648"},{"taxonomy":"post_tag","embeddable":true,"href":"https:\/\/www.europesays.com\/fr\/wp-json\/wp\/v2\/tags?post=213648"}],"curies":[{"name":"wp","href":"https:\/\/api.w.org\/{rel}","templated":true}]}}