{"id":213650,"date":"2025-06-29T16:14:17","date_gmt":"2025-06-29T16:14:17","guid":{"rendered":"https:\/\/www.europesays.com\/fr\/213650\/"},"modified":"2025-06-29T16:14:17","modified_gmt":"2025-06-29T16:14:17","slug":"yvonne-orages-nouvelle-patinoire-on-fait-le-recap-des-informations-de-la-semaine-a-rouen","status":"publish","type":"post","link":"https:\/\/www.europesays.com\/fr\/213650\/","title":{"rendered":"Yvonne, orages, nouvelle patinoire&#8230; On fait le r\u00e9cap&rsquo; des informations de la semaine \u00e0 Rouen"},"content":{"rendered":"<p>            Par<br \/>\n        <strong><br \/>\n            <a href=\"https:\/\/actu.fr\/auteur\/yann-rivallan\" title=\"Consulter tous les articles de Yann Rivallan\" rel=\"nofollow noopener\" target=\"_blank\">Yann Rivallan<\/a><br \/>\n        <\/strong><\/p>\n<p>        Publi\u00e9 le<\/p>\n<p>            29 juin 2025 \u00e0 17h46        <\/p>\n<p>Semaine charg\u00e9e pour l\u2019actualit\u00e9 locale \u00e0 <a href=\"https:\/\/actu.fr\/normandie\/rouen_76540\" rel=\"nofollow noopener\" target=\"_blank\">Rouen<\/a> entre le 23 et le 29\u00a0juin 2025. Difficile de tout suivre\u2009? Pas de soucis\u2009! La r\u00e9daction de 76actu vous a pr\u00e9par\u00e9, comme \u00e0 son habitude, <strong>un r\u00e9capitulatif des informations<\/strong> essentielles de la semaine.<\/p>\n<p>Les informations de la semaine<\/p>\n<p class=\"expresso-item wall-content\"><a title=\"Lire l&#039;article\" href=\"https:\/\/actu.fr\/normandie\/rouen_76540\/pendant-la-fete-de-la-musique-a-rouen-une-boutique-soufflee-par-une-explosion-enorme_62809343.html\" rel=\"nofollow noopener\" target=\"_blank\"><strong>Pendant la f\u00eate de la musique \u00e0 Rouen\u2009: une boutique souffl\u00e9e par \u00ab\u2009une explosion \u00e9norme\u2009\u00bb<\/strong><\/a><br \/>Une impressionnante explosion a eu lieu rue du P\u00e8re-Adam, \u00e0 Rouen (Seine-Maritime) dans la nuit du samedi au dimanche 22\u00a0juin 2025, en plein centre-ville. Les d\u00e9tails.<\/p>\n<p class=\"expresso-item wall-content\"><a title=\"Lire l&#039;article\" href=\"https:\/\/actu.fr\/normandie\/rouen_76540\/des-piqures-sauvages-durant-la-fete-de-la-musique-de-rouen-trois-plaintes-deposees_62811547.html\" rel=\"nofollow noopener\" target=\"_blank\"><strong>Des \u00ab\u2009piq\u00fbres sauvages\u2009\u00bb durant la f\u00eate de la musique de Rouen\u2009? Trois plaintes d\u00e9pos\u00e9es<\/strong><\/a><br \/>Dix-neuf personnes ont signal\u00e9 avoir \u00e9t\u00e9 \u00ab\u2009piqu\u00e9es\u2009\u00bb lors de la f\u00eate de la musique, \u00e0 Rouen (Seine-Maritime). Un individu a \u00e9t\u00e9 plac\u00e9 en garde \u00e0 vue mais celle-ci a \u00e9t\u00e9 lev\u00e9e.<\/p>\n<p class=\"expresso-item wall-content\"><a title=\"Lire l&#039;article\" href=\"https:\/\/actu.fr\/normandie\/rouen_76540\/un-homme-sourd-viole-dans-un-foyer-de-rouen-j-avais-peur-qu-ils-me-jettent-a-la-rue_62621312.html\" rel=\"nofollow noopener\" target=\"_blank\"><strong>Un homme sourd viol\u00e9 dans un foyer de Rouen\u2009: \u00ab\u2009J\u2019avais peur qu\u2019ils me jettent \u00e0 la rue\u2009\u00bb<\/strong><\/a><br \/>En fin d\u2019ann\u00e9e 2023, un homme sourd a \u00e9t\u00e9 agress\u00e9 et viol\u00e9 dans un foyer d\u2019accueil de l\u2019Abb\u00e9 Bazire \u00e0 Rouen. Il raconte son calvaire et ses conditions d\u2019h\u00e9bergement.<\/p>\n<p class=\"expresso-item wall-content\"><a title=\"Lire l&#039;article\" href=\"https:\/\/actu.fr\/normandie\/rouen_76540\/une-honte-des-salaries-s-indignent-de-la-remuneration-du-patron-des-boulangeries-yvonne-a-rouen_62756563.html\" rel=\"nofollow noopener\" target=\"_blank\"><strong>\u00ab\u2009Une honte\u2009\u00bb\u2009: des salari\u00e9s s\u2019indignent de la r\u00e9mun\u00e9ration du patron des boulangeries Yvonne \u00e0 Rouen<\/strong><\/a><br \/>Apr\u00e8s le redressement judiciaire des boulangeries-p\u00e2tisseries Yvonne, fond\u00e9es \u00e0 Rouen, d\u2019actuels et anciens salari\u00e9s s\u2019indignent de la r\u00e9mun\u00e9ration cons\u00e9quente de leur patron.<\/p>\n<p class=\"expresso-item wall-content\"><a title=\"Lire l&#039;article\" href=\"https:\/\/actu.fr\/normandie\/rouen_76540\/intervention-des-pompiers-trafic-sncf-on-fait-le-point-apres-le-violent-orage-dans-la-region-de-rouen_62826818.html\" rel=\"nofollow noopener\" target=\"_blank\"><strong>Intervention des pompiers, trafic SNCF\u2026 on fait le point apr\u00e8s le violent orage dans la r\u00e9gion de Rouen<\/strong><\/a><br \/>Pluie, gr\u00eale, vent\u2026 La soir\u00e9e a \u00e9t\u00e9 mouvement\u00e9e, notamment, dans la r\u00e9gion de Rouen, mercredi 25\u00a0juin 2025. L\u2019heure est au bilan ce jeudi matin. Le trafic SNCF est perturb\u00e9.<\/p>\n<p class=\"expresso-item wall-content\"><a title=\"Lire l&#039;article\" href=\"https:\/\/actu.fr\/normandie\/rouen_76540\/attaque-au-couteau-dans-le-restaurant-cancan-l-agresseur-condamne-a-16-ans-de-prison_62815260.html\" rel=\"nofollow noopener\" target=\"_blank\"><strong>Attaque au couteau dans le restaurant Cancan\u2009: l\u2019agresseur condamn\u00e9 \u00e0 16\u00a0ans de prison<\/strong><\/a><br \/>Ab. Ba, un ancien employ\u00e9 du restaurant Cancan \u00e0 Rouen, avait attaqu\u00e9 au couteau un coll\u00e8gue en juillet\u00a02022. Son proc\u00e8s s\u2019est tenu du 19 au 23\u00a0juin 2025. Le d\u00e9lib\u00e9r\u00e9 a \u00e9t\u00e9 rendu.<\/p>\n<p class=\"expresso-item wall-content\"><a title=\"Lire l&#039;article\" href=\"https:\/\/actu.fr\/normandie\/rouen_76540\/un-passage-en-force-avant-le-vote-la-majorite-se-dechire-sur-la-question-du-futur-stade-a-rouen_62833638.html\" rel=\"nofollow noopener\" target=\"_blank\"><strong>\u00ab\u2009Un passage en force\u2009\u00bb\u2009: avant le vote, la majorit\u00e9 se d\u00e9chire sur la question du futur stade \u00e0 Rouen<\/strong><\/a><br \/>Le conseil de la M\u00e9tropole de Rouen se r\u00e9unit ce 30\u00a0juin 2025. \u00c0 l\u2019ordre du jour, notamment, un vote pour lancer le projet du stade. Mais celui-ci va s\u2019av\u00e9rer compliqu\u00e9.<\/p>\n<p class=\"expresso-item wall-content\"><a title=\"Lire l&#039;article\" href=\"https:\/\/actu.fr\/normandie\/rouen_76540\/hockey-la-metropole-de-rouen-annonce-un-projet-de-construction-d-une-nouvelle-grande-patinoire_62812699.html\" rel=\"nofollow noopener\" target=\"_blank\"><strong>Hockey. La M\u00e9tropole de Rouen annonce un projet de construction d\u2019une nouvelle grande patinoire<\/strong><\/a><br \/>Une nouvelle patinoire de 5 \u00e0 10 000 places va \u00eatre construite dans la M\u00e9tropole de Rouen (Seine-Maritime). Un nouveau projet qui doit \u00eatre vot\u00e9 ce 30\u00a0juin 2025.<\/p>\n<p class=\"expresso-item wall-content\"><a title=\"Lire l&#039;article\" href=\"https:\/\/actu.fr\/normandie\/le-grand-quevilly_76322\/pres-de-rouen-une-usine-totalement-autosuffisante-une-premiere-en-normandie_62827106.html\" rel=\"nofollow noopener\" target=\"_blank\"><strong>Pr\u00e8s de Rouen, une usine totalement autosuffisante, \u00ab\u2009une premi\u00e8re en Normandie\u2009\u00bb<\/strong><\/a><br \/>L\u2019usine Vesta du Sm\u00e9dar de Grand-Quevilly (Seine-Maritime), pr\u00e8s de Rouen, fonctionne depuis janvier\u00a02025 en autosuffisance. Pr\u00e9sentation.<\/p>\n<p>Bon \u00e0 savoir \u00e0 Rouen<\/p>\n<p class=\"expresso-item wall-content\"><a title=\"Lire l&#039;article\" href=\"https:\/\/actu.fr\/normandie\/le-grand-quevilly_76322\/travaux-sur-la-sud-3-a-rouen-une-bretelle-de-sortie-fermee-pendant-plusieurs-nuits_62835573.html\" rel=\"nofollow noopener\" target=\"_blank\"><strong>Travaux sur la Sud 3 \u00e0 Rouen\u2009: une bretelle de sortie ferm\u00e9e pendant plusieurs nuits<\/strong><\/a><br \/>Des travaux sur la Sud 3 sont programm\u00e9s entre fin juin et d\u00e9but juillet\u00a02025. Une bretelle de sortie au niveau de Grand-Quevilly sera ferm\u00e9e plusieurs nuits.<\/p>\n<p class=\"expresso-item wall-content\"><a title=\"Lire l&#039;article\" href=\"https:\/\/actu.fr\/normandie\/rouen_76540\/a-rouen-un-tout-nouveau-pont-va-etre-construit-dans-ce-quartier-pour-la-future-ligne-de-bus-t5_62810277.html\" rel=\"nofollow noopener\" target=\"_blank\"><strong>\u00c0 Rouen, un tout nouveau pont va \u00eatre construit dans ce quartier pour la future ligne de bus T5<\/strong><\/a><br \/>Un tout nouveau pont va \u00eatre construit dans le quartier Flaubert de Rouen, sur la rive gauche. Une construction indispensable pour le passage de la future ligne de bus T5.<\/p>\n<p class=\"expresso-item wall-content\"><a title=\"Lire l&#039;article\" href=\"https:\/\/actu.fr\/normandie\/rouen_76540\/les-freres-lebrun-seront-a-rouen-pour-la-finale-des-championnats-de-france-ce-sont-de-bons-gars_62818165.html\" rel=\"nofollow noopener\" target=\"_blank\"><strong>Les fr\u00e8res Lebrun \u00e0 Rouen pour la finale des championnats de France\u2009: \u00ab\u2009Ce sont de bons gars\u2009\u00bb<\/strong><\/a><br \/>Dimanche 29\u00a0juin 2025, Rouen accueille la grande finale du championnat de France Pro A Messieurs de tennis de table par \u00e9quipe. Et les c\u00e9l\u00e8bres fr\u00e8res Lebrun seront de la partie.<\/p>\n<p class=\"expresso-item wall-content\"><a title=\"Lire l&#039;article\" href=\"https:\/\/actu.fr\/normandie\/rouen_76540\/hot-dogs-sandwichs-au-pastrami-un-restaurant-de-street-food-newyorkaise-debarque-a-rouen_62811764.html\" rel=\"nofollow noopener\" target=\"_blank\"><strong>Hot-dogs, sandwichs au pastrami\u2026 Un restaurant de street-food new-yorkaise d\u00e9barque \u00e0 Rouen<\/strong><\/a><br \/>Sp\u00e9cialis\u00e9 dans la street-food new-yorkaise, le restaurant Scott a ouvert ses portes fin mai\u00a02025 \u00e0 Rouen (Seine-Maritime). Pr\u00e9sentation.<\/p>\n<p class=\" wall-content\">Suivez toute l\u2019actualit\u00e9 de vos villes et m\u00e9dias favoris en vous inscrivant \u00e0 <a href=\"https:\/\/moncompte.actu.fr\" title=\"D\u00e9couvez Mon Actu\" rel=\"nofollow noopener\" data-trk=\"{&quot;cta&quot;:{&quot;action&quot;:&quot;https:\\\/\\\/moncompte.actu.fr&quot;,&quot;category&quot;:&quot;mon compte&quot;,&quot;from&quot;:&quot;article footer&quot;,&quot;name&quot;:&quot;Mon actu&quot;,&quot;type&quot;:&quot;cta&quot;}}\" target=\"_blank\">Mon Actu<\/a>.<\/p>\n","protected":false},"excerpt":{"rendered":"Par Yann Rivallan Publi\u00e9 le 29 juin 2025 \u00e0 17h46 Semaine charg\u00e9e pour l\u2019actualit\u00e9 locale \u00e0 Rouen entre&hellip;\n","protected":false},"author":2,"featured_media":213651,"comment_status":"","ping_status":"","sticky":false,"template":"","format":"standard","meta":{"footnotes":""},"categories":[9587],"tags":[1111,11,9086,1777,674,1011,27,12,5161,25,9590,104],"class_list":{"0":"post-213650","1":"post","2":"type-post","3":"status-publish","4":"format-standard","5":"has-post-thumbnail","7":"category-rouen","8":"tag-actu","9":"tag-actualites","10":"tag-bon-plan-a-rouen","11":"tag-eu","12":"tag-europe","13":"tag-fr","14":"tag-france","15":"tag-news","16":"tag-normandie","17":"tag-republique-francaise","18":"tag-rouen","19":"tag-societe"},"share_on_mastodon":{"url":"https:\/\/pubeurope.com\/@fr\/114767545202629979","error":""},"_links":{"self":[{"href":"https:\/\/www.europesays.com\/fr\/wp-json\/wp\/v2\/posts\/213650","targetHints":{"allow":["GET"]}}],"collection":[{"href":"https:\/\/www.europesays.com\/fr\/wp-json\/wp\/v2\/posts"}],"about":[{"href":"https:\/\/www.europesays.com\/fr\/wp-json\/wp\/v2\/types\/post"}],"author":[{"embeddable":true,"href":"https:\/\/www.europesays.com\/fr\/wp-json\/wp\/v2\/users\/2"}],"replies":[{"embeddable":true,"href":"https:\/\/www.europesays.com\/fr\/wp-json\/wp\/v2\/comments?post=213650"}],"version-history":[{"count":0,"href":"https:\/\/www.europesays.com\/fr\/wp-json\/wp\/v2\/posts\/213650\/revisions"}],"wp:featuredmedia":[{"embeddable":true,"href":"https:\/\/www.europesays.com\/fr\/wp-json\/wp\/v2\/media\/213651"}],"wp:attachment":[{"href":"https:\/\/www.europesays.com\/fr\/wp-json\/wp\/v2\/media?parent=213650"}],"wp:term":[{"taxonomy":"category","embeddable":true,"href":"https:\/\/www.europesays.com\/fr\/wp-json\/wp\/v2\/categories?post=213650"},{"taxonomy":"post_tag","embeddable":true,"href":"https:\/\/www.europesays.com\/fr\/wp-json\/wp\/v2\/tags?post=213650"}],"curies":[{"name":"wp","href":"https:\/\/api.w.org\/{rel}","templated":true}]}}