{"id":213653,"date":"2025-06-29T16:17:10","date_gmt":"2025-06-29T16:17:10","guid":{"rendered":"https:\/\/www.europesays.com\/fr\/213653\/"},"modified":"2025-06-29T16:17:10","modified_gmt":"2025-06-29T16:17:10","slug":"les-voleurs-fracturent-la-cloture-les-moutons-fuient-20-personnes-les-recherchent","status":"publish","type":"post","link":"https:\/\/www.europesays.com\/fr\/213653\/","title":{"rendered":"les voleurs fracturent la cl\u00f4ture, les moutons fuient, 20 personnes les recherchent"},"content":{"rendered":"<p>            Par<br \/>\n        <strong><br \/>\n            <a href=\"https:\/\/actu.fr\/auteur\/manuel-rodriguez\" title=\"Consulter tous les articles de Manuel Rodriguez\" rel=\"nofollow noopener\" target=\"_blank\">Manuel Rodriguez<\/a><br \/>\n        <\/strong><\/p>\n<p>        Publi\u00e9 le<\/p>\n<p>            29 juin 2025 \u00e0 17h56        <\/p>\n<p>Double peine pour le <b>Smictom<\/b> du pays de <a href=\"https:\/\/actu.fr\/la-chronique-republicaine\/\" rel=\"nofollow noopener\" target=\"_blank\">Foug\u00e8res<\/a> <b>(Ille-et-Vilaine)<\/b>. Dans la nuit de jeudi\u00a026 \u00e0 vendredi\u00a027, le site du Syndicat de collecte et de traitement des <b>ordures m\u00e9nag\u00e8res<\/b>, zone de<b> l\u2019Aumaillerie<\/b>, a \u00e9t\u00e9<b> cambriol\u00e9<\/b>.<\/p>\n<p class=\" wall-content\">Les malfrats, pass\u00e9s par un champ mitoyen, ont fractur\u00e9 la double cl\u00f4ture pour entrer sur le site. Une fois \u00e0 l\u2019int\u00e9rieur, ils ont vol\u00e9 des m\u00e9taux. En petite quantit\u00e9.<\/p>\n<p>Gendarmes, pompiers et drone en renfort<\/p>\n<p class=\" wall-content\">Probl\u00e8me, les trous dans les cl\u00f4tures ont permis \u00e0 trois <b>moutons<\/b> de prendre la <b>poudre d\u2019escampette<\/b>. Ces <b>b\u00e9liers<\/b> paissaient l\u2019herbe du Smictom depuis un mois dans le cadre d\u2019un <b>programme d\u2019\u00e9cop\u00e2turage<\/b>.<\/p>\n<p class=\" wall-content\">Quand ils se sont rendu compte de la situation, des salari\u00e9s du syndicat sont partis \u00e0 leur recherche, \u00e9paul\u00e9s, en fin d\u2019apr\u00e8s-midi par le propri\u00e9taire des b\u00eates, <b>Matthieu Pires<\/b>, \u00e9cop\u00e2tureur de la <b>Ferme de Milgoulle<\/b>, \u00e0 Nouvoitou.<\/p>\n<p class=\" wall-content\">\u00c0 la nuit tomb\u00e9e, les b\u00eates restaient introuvables.<\/p>\n<p>Vid\u00e9os : en ce moment sur Actu<\/p>\n<p class=\" wall-content\">Le ratissage de la zone a repris le lendemain matin avec quelques b\u00e9n\u00e9voles suppl\u00e9mentaires. Finalement, face aux risques pour les <b>animaux <\/b>et les automobilistes qui auraient pu croiser leur chemin, les <b>secours <\/b>ont \u00e9t\u00e9 d\u00e9clench\u00e9s.<\/p>\n<p class=\" wall-content\"><b>Gendarmes<\/b>, <b>pompiers de l\u2019\u00e9quipe animali\u00e8re <\/b>sont arriv\u00e9s en renfort. Au total, une vingtaine de personnes a \u00e9t\u00e9 mobilis\u00e9e dans cette op\u00e9ration.<\/p>\n<p>    <img   decoding=\"async\" loading=\"lazy\" class=\"size-large\" src=\"https:\/\/www.europesays.com\/fr\/wp-content\/uploads\/2025\/06\/c95179d4e06861e5179d4e06842617v-768x640.jpg\" alt=\"Les pompiers ont utilis\u00e9 un dr\u00f4ne pour rep\u00e9rer les moutons en divagation.\" width=\"768\" height=\"640\"\/><br \/>\n    Les pompiers ont utilis\u00e9 un drone pour rep\u00e9rer les moutons en divagation. \u00a9La Chronique r\u00e9publicaine \/ Manuel Rodriguez<\/p>\n<p class=\" wall-content\">Le survol par un<b> drone<\/b> a permis de rep\u00e9rer les fuyards. Et, vers midi, deux d\u2019entre eux ont pu \u00eatre intercept\u00e9s au niveau de la Lanti\u00e8re, de l\u2019autre c\u00f4t\u00e9 de la route d\u00e9partementale D798 qui m\u00e8ne \u00e0 Vitr\u00e9.<\/p>\n<p class=\" wall-content\">\u00c0 un peu plus d\u2019un kilom\u00e8tre, \u00e0 vol d\u2019oiseau, du Smictom.<\/p>\n<p>Coinc\u00e9s sur une route entre deux voitures<\/p>\n<p class=\" wall-content\">M\u00eame s\u2019ils \u00e9taient cern\u00e9s et coinc\u00e9s entre deux voitures, le <b>moutonnier<\/b> et les pompiers ont d\u00fb s\u2019employer pour immobiliser les deux b\u00e9liers et les mettre dans la <b>b\u00e9taill\u00e8re<\/b>.<\/p>\n<blockquote class=\"ac-article-quote wall-content\">\n<p>Ces moutons, de la race avranchine p\u00e8sent autour de 80\u00a0kg. Ils ne sont pas dangereux, plut\u00f4t peureux, mais les ceinturer, c\u2019est une op\u00e9ration physique.<\/p>\n<p>Matthieu Pires, \u00e9cop\u00e2tureur de la Ferme de Milgoulle<\/p><\/blockquote>\n<p class=\" wall-content\">Les deux animaux ont regagn\u00e9 la bergerie de<a href=\"https:\/\/www.facebook.com\/p\/La-ferme-de-Milgoulle-100064584163965\/?locale=fr_FR\" rel=\"nofollow noopener\" target=\"_blank\"> la Ferme de Milgoulle<\/a>.<\/p>\n<p class=\" wall-content\">Quid du troisi\u00e8me larron\u2009? O\u00f9 peut-il \u00eatre\u2009? Que peut-il lui arriver, seul, dans la campagne\u2009? \u00ab\u2009Les seuls risques seraient un <b>chien errant<\/b> ou un<b> loup<\/b>. Les moutons vivent g\u00e9n\u00e9ralement en groupe mais ils peuvent tr\u00e8s facilement survivre seuls. Il peut se cacher pr\u00e8s d\u2019un ruisseau ou dans un sous-bois et se nourrir de ce qu\u2019il trouve autour\u2009\u00bb, d\u00e9taille Matthieu Pires qui demande \u00e0 ceux qui croiseraient le b\u00e9lier fugueur de \u00ab\u2009ne pas essayer de l\u2019attraper et de pr\u00e9venir le 17\u2009\u00bb.<\/p>\n<p class=\" wall-content\">Et apr\u00e8s\u2009? Quand tout sera rentr\u00e9 dans l\u2019ordre, que les plaintes auront \u00e9t\u00e9 d\u00e9pos\u00e9es et les cl\u00f4tures r\u00e9par\u00e9es, les moutons devraient pouvoir regagner leur enclos au Smictom. Et reprendre ce pour quoi ils avaient \u00e9t\u00e9 install\u00e9s l\u00e0\u2009: brouter minutieusement la pelouse.<\/p>\n<p class=\" wall-content\">Suivez toute l\u2019actualit\u00e9 de vos villes et m\u00e9dias favoris en vous inscrivant \u00e0 <a href=\"https:\/\/moncompte.actu.fr\" title=\"D\u00e9couvez Mon Actu\" rel=\"nofollow noopener\" data-trk=\"{&quot;cta&quot;:{&quot;action&quot;:&quot;https:\\\/\\\/moncompte.actu.fr&quot;,&quot;category&quot;:&quot;mon compte&quot;,&quot;from&quot;:&quot;article footer&quot;,&quot;name&quot;:&quot;Mon actu&quot;,&quot;type&quot;:&quot;cta&quot;}}\" target=\"_blank\">Mon Actu<\/a>.<\/p>\n","protected":false},"excerpt":{"rendered":"Par Manuel Rodriguez Publi\u00e9 le 29 juin 2025 \u00e0 17h56 Double peine pour le Smictom du pays de&hellip;\n","protected":false},"author":2,"featured_media":213654,"comment_status":"","ping_status":"","sticky":false,"template":"","format":"standard","meta":{"footnotes":""},"categories":[2821],"tags":[1111,11,829,9439,1777,674,118,1011,27,12,584,25],"class_list":{"0":"post-213653","1":"post","2":"type-post","3":"status-publish","4":"format-standard","5":"has-post-thumbnail","7":"category-rennes","8":"tag-actu","9":"tag-actualites","10":"tag-bretagne","11":"tag-bretagne-nord","12":"tag-eu","13":"tag-europe","14":"tag-faits-divers","15":"tag-fr","16":"tag-france","17":"tag-news","18":"tag-rennes","19":"tag-republique-francaise"},"share_on_mastodon":{"url":"https:\/\/pubeurope.com\/@fr\/114767557123364036","error":""},"_links":{"self":[{"href":"https:\/\/www.europesays.com\/fr\/wp-json\/wp\/v2\/posts\/213653","targetHints":{"allow":["GET"]}}],"collection":[{"href":"https:\/\/www.europesays.com\/fr\/wp-json\/wp\/v2\/posts"}],"about":[{"href":"https:\/\/www.europesays.com\/fr\/wp-json\/wp\/v2\/types\/post"}],"author":[{"embeddable":true,"href":"https:\/\/www.europesays.com\/fr\/wp-json\/wp\/v2\/users\/2"}],"replies":[{"embeddable":true,"href":"https:\/\/www.europesays.com\/fr\/wp-json\/wp\/v2\/comments?post=213653"}],"version-history":[{"count":0,"href":"https:\/\/www.europesays.com\/fr\/wp-json\/wp\/v2\/posts\/213653\/revisions"}],"wp:featuredmedia":[{"embeddable":true,"href":"https:\/\/www.europesays.com\/fr\/wp-json\/wp\/v2\/media\/213654"}],"wp:attachment":[{"href":"https:\/\/www.europesays.com\/fr\/wp-json\/wp\/v2\/media?parent=213653"}],"wp:term":[{"taxonomy":"category","embeddable":true,"href":"https:\/\/www.europesays.com\/fr\/wp-json\/wp\/v2\/categories?post=213653"},{"taxonomy":"post_tag","embeddable":true,"href":"https:\/\/www.europesays.com\/fr\/wp-json\/wp\/v2\/tags?post=213653"}],"curies":[{"name":"wp","href":"https:\/\/api.w.org\/{rel}","templated":true}]}}