{"id":213659,"date":"2025-06-29T16:20:35","date_gmt":"2025-06-29T16:20:35","guid":{"rendered":"https:\/\/www.europesays.com\/fr\/213659\/"},"modified":"2025-06-29T16:20:35","modified_gmt":"2025-06-29T16:20:35","slug":"a-strasbourg-cocktails-et-bons-petits-plats-sinstallent-sur-une-terrasse-ensoleillee","status":"publish","type":"post","link":"https:\/\/www.europesays.com\/fr\/213659\/","title":{"rendered":"\u00e0 Strasbourg, cocktails et bons petits plats s\u2019installent sur une terrasse ensoleill\u00e9e"},"content":{"rendered":"<p><strong>Dans la pas si grande famille des bars \u00e0 cocktails et \u00e0 vins strasbourgeois, on vous pr\u00e9sente un lieu \u00e0 la fois verdoyant et rugissant : le L\u00e9obar. Avec sa tr\u00e8s jolie terrasse au milieu de la ville, son look d\u00e9cal\u00e9 et sa carte qui cache bien des p\u00e9pites, l\u2019\u00e9tablissement se transforme d\u00e9sormais pour toucher une client\u00e8le encore plus large, et contenter tout le monde m\u00eame \u00e0 midi. On vous explique tout \u00e7a, juste ici !<\/strong><\/p>\n<p>Au d\u00e9but de l\u2019ann\u00e9e 2023,<strong> un bar avec une identit\u00e9 forte<\/strong> s\u2019installait \u00e0 Strasbourg, au num\u00e9ro 36 de la <strong>rue du Foss\u00e9-des-Tanneurs. <\/strong>C\u2019est l\u00e0, entre la rue du 22-Novembre et la Grand\u2019Rue, qu\u2019avait ouvert <strong>un bar \u00e0 taille humaine<\/strong>, \u00e9tonnamment loin de l\u2019agitation du centre-ville :<strong> Le L\u00e9obar.<\/strong><\/p>\n<p>                <img width=\"375\" height=\"500\" src=\"https:\/\/www.europesays.com\/fr\/wp-content\/uploads\/2025\/06\/leobar-terrasse-plat-du-jourimg-2158-375x500.jpeg\" class=\"attachment-gallery size-gallery\" alt=\"Leobar terrasse plat du jourIMG_2158\" data-full-url=\"https:\/\/pokaa.fr\/wp-content\/uploads\/2025\/06\/26\/leobar-terrasse-plat-du-jourimg-2158.jpeg\" decoding=\"async\" loading=\"lazy\"  \/>            <\/p>\n<p>                <img width=\"375\" height=\"500\" src=\"https:\/\/www.europesays.com\/fr\/wp-content\/uploads\/2025\/06\/leobar-terrasse-plat-du-jourimg-2212-375x500.jpeg\" class=\"attachment-gallery size-gallery\" alt=\"Leobar terrasse plat du jourIMG_2212\" data-full-url=\"https:\/\/pokaa.fr\/wp-content\/uploads\/2025\/06\/26\/leobar-terrasse-plat-du-jourimg-2212.jpeg\" decoding=\"async\" loading=\"lazy\"  \/>            <\/p>\n<p>                <img width=\"375\" height=\"500\" src=\"https:\/\/www.europesays.com\/fr\/wp-content\/uploads\/2025\/06\/leobar-terrasse-plat-du-jourimg-2310-375x500.jpeg\" class=\"attachment-gallery size-gallery\" alt=\"Leobar terrasse plat du jourIMG_2310\" data-full-url=\"https:\/\/pokaa.fr\/wp-content\/uploads\/2025\/06\/26\/leobar-terrasse-plat-du-jourimg-2310.jpeg\" decoding=\"async\" loading=\"lazy\"  \/>            <\/p>\n<p>                <img width=\"375\" height=\"500\" src=\"https:\/\/www.europesays.com\/fr\/wp-content\/uploads\/2025\/06\/leobar-terrasse-plat-du-jourimg-2292-375x500.jpeg\" class=\"attachment-gallery size-gallery\" alt=\"Leobar terrasse plat du jourIMG_2292\" data-full-url=\"https:\/\/pokaa.fr\/wp-content\/uploads\/2025\/06\/26\/leobar-terrasse-plat-du-jourimg-2292.jpeg\" decoding=\"async\" loading=\"lazy\"  \/>            <\/p>\n<p>                <img width=\"375\" height=\"500\" src=\"https:\/\/www.europesays.com\/fr\/wp-content\/uploads\/2025\/06\/leobar-terrasse-plat-du-jourimg-2208-375x500.jpeg\" class=\"attachment-gallery size-gallery\" alt=\"Leobar terrasse plat du jourIMG_2208\" data-full-url=\"https:\/\/pokaa.fr\/wp-content\/uploads\/2025\/06\/26\/leobar-terrasse-plat-du-jourimg-2208.jpeg\" decoding=\"async\" loading=\"lazy\"  \/>            <\/p>\n<p>                    \u00a9 Bastien Pietronave \/ Pokaa<\/p>\n<p>Avec <strong>sa robe bois\u00e9e et ses \u00e9g\u00e9ries f\u00e9lines<\/strong>, ses murs color\u00e9s et ses grandes baies vitr\u00e9es, l\u2019\u00e9tablissement avait tr\u00e8s vite trouv\u00e9 sa client\u00e8le, <strong>principalement en soir\u00e9e<\/strong> (il ouvrait \u00e0 17h).<\/p>\n<p>Aujourd\u2019hui, le bar, <strong>qui n\u2019est plus uniquement un bar<\/strong>, est entr\u00e9 dans la carte postale strasbourgeoise, et les habitu\u00e9(e)s comme les curieux\/ses viennent s\u2019y attabler<strong> pour boire ET manger, \u00e0 partir de 11h30<\/strong>, et jusque tard dans la nuit (1h30).<\/p>\n<p>                <img width=\"375\" height=\"500\" src=\"https:\/\/www.europesays.com\/fr\/wp-content\/uploads\/2025\/06\/image00025-4-375x500.jpeg\" class=\"attachment-gallery size-gallery\" alt=\"Bar \u00e0 vins et \u00e0 cocktails L\u00e9obar\" data-full-url=\"https:\/\/pokaa.fr\/wp-content\/uploads\/2023\/03\/image00025-4.jpeg\" decoding=\"async\" loading=\"lazy\"  \/>            <\/p>\n<p>                <img width=\"375\" height=\"500\" src=\"https:\/\/www.europesays.com\/fr\/wp-content\/uploads\/2025\/06\/leobar-terrasse-plat-du-jourimg-2218-375x500.jpeg\" class=\"attachment-gallery size-gallery\" alt=\"Leobar terrasse plat du jourIMG_2218\" data-full-url=\"https:\/\/pokaa.fr\/wp-content\/uploads\/2025\/06\/26\/leobar-terrasse-plat-du-jourimg-2218.jpeg\" decoding=\"async\" loading=\"lazy\"  \/>            <\/p>\n<p>                <img width=\"375\" height=\"500\" src=\"https:\/\/www.europesays.com\/fr\/wp-content\/uploads\/2025\/06\/leobar-terrasse-plat-du-jourimg-2269-375x500.jpeg\" class=\"attachment-gallery size-gallery\" alt=\"Leobar terrasse plat du jourIMG_2269\" data-full-url=\"https:\/\/pokaa.fr\/wp-content\/uploads\/2025\/06\/26\/leobar-terrasse-plat-du-jourimg-2269.jpeg\" decoding=\"async\" loading=\"lazy\"  \/>            <\/p>\n<p>                <img width=\"375\" height=\"500\" src=\"https:\/\/www.europesays.com\/fr\/wp-content\/uploads\/2025\/06\/image00018-4-375x500.jpeg\" class=\"attachment-gallery size-gallery\" alt=\"Bar \u00e0 vins et \u00e0 cocktails L\u00e9obar\" data-full-url=\"https:\/\/pokaa.fr\/wp-content\/uploads\/2023\/03\/image00018-4.jpeg\" decoding=\"async\" loading=\"lazy\"  \/>            <\/p>\n<p>                <img width=\"375\" height=\"500\" src=\"https:\/\/www.europesays.com\/fr\/wp-content\/uploads\/2025\/06\/image00035-3-375x500.jpeg\" class=\"attachment-gallery size-gallery\" alt=\"Bar \u00e0 vins et \u00e0 cocktails L\u00e9obar\" data-full-url=\"https:\/\/pokaa.fr\/wp-content\/uploads\/2023\/03\/image00035-3.jpeg\" decoding=\"async\" loading=\"lazy\"  \/>            <\/p>\n<p>                    \u00a9 Bastien Pietronave \/ Pokaa<\/p>\n<p>Un bar qui se transforme en petit resto de quartier <\/p>\n<p>Le L\u00e9obar, ce n\u2019est pas seulement un look et une identit\u00e9 visuelle, c\u2019est aussi et surtout <strong>un bar \u00e0 vins et \u00e0 cocktails<\/strong> qui a beaucoup mis\u00e9 sur une offre de qualit\u00e9.<\/p>\n<p>C\u00f4t\u00e9 vigne, on y croise <strong>plus d\u2019une centaine de r\u00e9f\u00e9rences de vins de tous les horizons<\/strong>, \u00e0 la bouteille ou au verre. La carte, bien fournie,<strong> a \u00e9t\u00e9 imagin\u00e9e en collaboration avec les \u00e9quipes de Vino Strada<\/strong>, et \u00e7a, \u00e7a change tout.<\/p>\n<p>                <img width=\"375\" height=\"500\" src=\"https:\/\/www.europesays.com\/fr\/wp-content\/uploads\/2025\/06\/image00046-1-375x500.jpeg\" class=\"attachment-gallery size-gallery\" alt=\"Bar \u00e0 vins et \u00e0 cocktails L\u00e9obar\" data-full-url=\"https:\/\/pokaa.fr\/wp-content\/uploads\/2023\/03\/image00046-1.jpeg\" decoding=\"async\" loading=\"lazy\"  \/>            <\/p>\n<p>                <img width=\"375\" height=\"500\" src=\"https:\/\/www.europesays.com\/fr\/wp-content\/uploads\/2025\/06\/leobar-terrasse-plat-du-jourimg-2267-375x500.jpeg\" class=\"attachment-gallery size-gallery\" alt=\"Leobar terrasse plat du jourIMG_2267\" data-full-url=\"https:\/\/pokaa.fr\/wp-content\/uploads\/2025\/06\/26\/leobar-terrasse-plat-du-jourimg-2267.jpeg\" decoding=\"async\" loading=\"lazy\"  \/>            <\/p>\n<p>                <img width=\"375\" height=\"500\" src=\"https:\/\/www.europesays.com\/fr\/wp-content\/uploads\/2025\/06\/leobar-terrasse-plat-du-jourimg-2311-375x500.jpeg\" class=\"attachment-gallery size-gallery\" alt=\"Leobar terrasse plat du jourIMG_2311\" data-full-url=\"https:\/\/pokaa.fr\/wp-content\/uploads\/2025\/06\/26\/leobar-terrasse-plat-du-jourimg-2311.jpeg\" decoding=\"async\" loading=\"lazy\"  \/>            <\/p>\n<p>                <img width=\"375\" height=\"500\" src=\"https:\/\/www.europesays.com\/fr\/wp-content\/uploads\/2025\/06\/image00036-3-375x500.jpeg\" class=\"attachment-gallery size-gallery\" alt=\"Bar \u00e0 vins et \u00e0 cocktails L\u00e9obar\" data-full-url=\"https:\/\/pokaa.fr\/wp-content\/uploads\/2023\/03\/image00036-3.jpeg\" decoding=\"async\" loading=\"lazy\"  \/>            <\/p>\n<p>                <img width=\"667\" height=\"500\" src=\"https:\/\/www.europesays.com\/fr\/wp-content\/uploads\/2025\/06\/image00017-3-667x500.jpeg\" class=\"attachment-gallery size-gallery\" alt=\"Bar \u00e0 vins et \u00e0 cocktails L\u00e9obar\" data-full-url=\"https:\/\/pokaa.fr\/wp-content\/uploads\/2023\/03\/image00017-3.jpeg\" decoding=\"async\" loading=\"lazy\"  \/>            <\/p>\n<p>                    \u00a9 Bastien Pietronave \/ Pokaa<\/p>\n<p>C\u00f4t\u00e9 cocktails, l\u00e0 aussi, la team bar a souhait\u00e9 se diff\u00e9rencier en proposant <strong>des cr\u00e9ations \u00e0 la fois classiques et plus excentriques<\/strong>, et \u00e7a marche. Une vingtaine de cocktails classiques, pr\u00e8s de 10 cocktails signatures, <strong>des mocktails inspir\u00e9s :<\/strong>\u00a0la carte change tous les trois mois et c\u2019est un v\u00e9ritable succ\u00e8s.<\/p>\n<p>Mais si l\u2019on vous parle \u00e0 nouveau du L\u00e9obar aujourd\u2019hui, plus de deux ans apr\u00e8s son ouverture, <strong>c\u2019est pour son offre food qui grandit<\/strong>, avec notamment <strong>une offre pour le d\u00e9jeuner<\/strong>\u00a0qui vient tout juste d\u2019arriver.<\/p>\n<p>D\u00e9sormais, <strong>de midi \u00e0 15h<\/strong>, vous pouvez vous installer tranquillement <strong>pour profiter de deux plats saisonniers.<\/strong> On retrouve une offre carn\u00e9e, <strong>le \u00ab Steak Sayaa \u00bb<\/strong>, un faux-filet argentin laqu\u00e9 \u00e0 la sauce soja, potatoes + salade (16\u20ac), et <strong>une salade de saison<\/strong> (v\u00e9g\u00e9), tomates anciennes et burrata avec pain frott\u00e9 \u00e0 l\u2019ail (13\u20ac).<\/p>\n<p>    <img width=\"800\" height=\"600\" src=\"https:\/\/www.europesays.com\/fr\/wp-content\/uploads\/2025\/06\/leobar-terrasse-plat-du-jourimg-2266-800x600.jpeg\" class=\"attachment-image-size-L size-image-size-L\" alt=\"Leobar terrasse plat du jourIMG_2266\" decoding=\"async\" loading=\"lazy\"  \/>         \u00a9 Bastien Pietronave \/ Pokaa <\/p>\n<p>Bien s\u00fbr, de midi \u00e0 minuit, <strong>des plats et des petites douceurs, sucr\u00e9es ou sal\u00e9es<\/strong>, sont au programme des r\u00e9jouissances. Gambettes de bretzel \u00e0 tremper dans ses sauces, saucisson aux truffes et parmesan, <strong>crevettes snack\u00e9es, tartare de b\u0153uf au couteau,<\/strong> gravlax de saumon, brioches, lobster crab roll, quesadillas et focaccias, <strong>la carte est gorg\u00e9e de petites originalit\u00e9s qui font la diff\u00e9rence<\/strong>. C\u2019est go\u00fbt\u00e9 et approuv\u00e9 les ami(e)s.<\/p>\n<p>                <img width=\"375\" height=\"500\" src=\"https:\/\/www.europesays.com\/fr\/wp-content\/uploads\/2025\/06\/image00023-3-375x500.jpeg\" class=\"attachment-gallery size-gallery\" alt=\"Bar \u00e0 vins et \u00e0 cocktails L\u00e9obar\" data-full-url=\"https:\/\/pokaa.fr\/wp-content\/uploads\/2023\/03\/image00023-3.jpeg\" decoding=\"async\" loading=\"lazy\"  \/>            <\/p>\n<p>                <img width=\"375\" height=\"500\" src=\"https:\/\/www.europesays.com\/fr\/wp-content\/uploads\/2025\/06\/image00028-2-375x500.jpeg\" class=\"attachment-gallery size-gallery\" alt=\"Bar \u00e0 vins et \u00e0 cocktails L\u00e9obar\" data-full-url=\"https:\/\/pokaa.fr\/wp-content\/uploads\/2023\/03\/image00028-2.jpeg\" decoding=\"async\" loading=\"lazy\"  \/>            <\/p>\n<p>                <img width=\"375\" height=\"500\" src=\"https:\/\/www.europesays.com\/fr\/wp-content\/uploads\/2025\/06\/leobar-terrasse-plat-du-jourimg-2255-375x500.jpeg\" class=\"attachment-gallery size-gallery\" alt=\"Leobar terrasse plat du jourIMG_2255\" data-full-url=\"https:\/\/pokaa.fr\/wp-content\/uploads\/2025\/06\/26\/leobar-terrasse-plat-du-jourimg-2255.jpeg\" decoding=\"async\" loading=\"lazy\"  \/>            <\/p>\n<p>                <img width=\"375\" height=\"500\" src=\"https:\/\/www.europesays.com\/fr\/wp-content\/uploads\/2025\/06\/image00021-3-375x500.jpeg\" class=\"attachment-gallery size-gallery\" alt=\"Bar \u00e0 vins et \u00e0 cocktails L\u00e9obar\" data-full-url=\"https:\/\/pokaa.fr\/wp-content\/uploads\/2023\/03\/image00021-3.jpeg\" decoding=\"async\" loading=\"lazy\"  \/>            <\/p>\n<p>                <img width=\"375\" height=\"500\" src=\"https:\/\/www.europesays.com\/fr\/wp-content\/uploads\/2025\/06\/leobar-terrasse-plat-du-jourimg-2248-375x500.jpeg\" class=\"attachment-gallery size-gallery\" alt=\"Leobar terrasse plat du jourIMG_2248\" data-full-url=\"https:\/\/pokaa.fr\/wp-content\/uploads\/2025\/06\/26\/leobar-terrasse-plat-du-jourimg-2248.jpeg\" decoding=\"async\" loading=\"lazy\"  \/>            <\/p>\n<p>                    \u00a9 Bastien Pietronave \/ Pokaa<\/p>\n<p>Que ce soit <strong>le soir pour boire un verre entre potes<\/strong>, l\u2019apr\u00e8s-midi <strong>pour un caf\u00e9 ou un verre de vin en terrasse<\/strong>, ou le midi <strong>pour un bon petit plat frais<\/strong>, le L\u00e9obar est d\u00e9sormais un peu plus qu\u2019un bar de quartier.<\/p>\n<p>Fort de son succ\u00e8s <strong>et de la qualit\u00e9 de ses prestations<\/strong>, il ouvre d\u00e9sormais plus grand ses portes pour se transformer en petit restaurant, <strong>avec une offre qui correspond \u00e0 chaque moment de la journ\u00e9e<\/strong>.<\/p>\n<p>Et vous, <strong>vous connaissiez ce spot<\/strong> <strong>?<\/strong><\/p>\n<p>Les petits et les gros +<\/p>\n<ul>\n<li><strong>La terrasse de 50 places est l\u2019une des plus agr\u00e9ables du centre-ville.<\/strong><\/li>\n<li>Les plats que l\u2019on a go\u00fbt\u00e9s ce jour-l\u00e0 \u00e9taient vraiment bien r\u00e9alis\u00e9s.<\/li>\n<li>Il y a la clim \u00e0 l\u2019int\u00e9rieur !<\/li>\n<li><strong>La carte \u00e0 manger est originale, la pr\u00e9sentation est soign\u00e9e et \u00e7a marche.<\/strong><\/li>\n<li>Le bar est privatisable, enti\u00e8rement ou \u00e0 moiti\u00e9.<\/li>\n<li><strong>La carte des vins est vraiment canon.<\/strong><\/li>\n<li><strong>Les cocktails remportent un sacr\u00e9 succ\u00e8s et on comprend pourquoi, la carte change tous les trois mois.<\/strong><\/li>\n<li>Des \u00e9v\u00e9nements sont organis\u00e9s ponctuellement.<\/li>\n<li><strong>Le bar est ouvert en continu de 11h30 \u00e0 1h30.<\/strong><\/li>\n<\/ul>\n<p>            L\u00e9obar<\/p>\n<p>            Quoi ?<br \/>\n            Bar &#8211; restaurant         <\/p>\n<p>            o\u00f9 ?<br \/>\n            36 rue du Foss\u00e9-des-Tanneurs, \u00e0 Strasbourg         <\/p>\n<p>                Plus d&rsquo;infos ?<\/p>\n<p><strong><a href=\"https:\/\/www.google.com\/url?sa=t&amp;source=web&amp;rct=j&amp;opi=89978449&amp;url=https:\/\/www.facebook.com\/p\/Leobar-100089028259794\/%3Flocale%3Dfr_FR&amp;ved=2ahUKEwiRnubF346OAxVwdqQEHcf4KgcQFnoECCAQAQ&amp;usg=AOvVaw0jBeSjABZTOp_MDT3fif-M\" target=\"_blank\" rel=\"noopener nofollow\">La page Facebook<\/a><\/strong><\/p>\n<p><strong><a href=\"https:\/\/www.google.com\/url?sa=t&amp;source=web&amp;rct=j&amp;opi=89978449&amp;url=https:\/\/www.instagram.com\/leobarstrasbourg\/%3Fhl%3Dfr&amp;ved=2ahUKEwirw-GL3o6OAxVsTKQEHTIsMnAQFnoECD0QAQ&amp;usg=AOvVaw16TlGnZQjZRPuXoq2HiIKw\" target=\"_blank\" rel=\"noopener nofollow\">La page Instagram<\/a><\/strong><\/p>\n<p><strong><a href=\"https:\/\/menu.eazee-link.com\/?o=q&amp;id=C0MMBWJWWU\" target=\"_blank\" rel=\"noopener nofollow\">La carte<\/a>\u00a0<\/strong><\/p>\n<p><strong>T\u00e9l : 03 88 88 70 51<\/strong><\/p>\n<p>                <img width=\"375\" height=\"500\" src=\"https:\/\/www.europesays.com\/fr\/wp-content\/uploads\/2025\/06\/terrasse-leobarimg-2797-375x500.jpg\" class=\"attachment-gallery size-gallery\" alt=\"terrasse LeobarIMG_2797\" data-full-url=\"https:\/\/pokaa.fr\/wp-content\/uploads\/2025\/06\/26\/terrasse-leobarimg-2797.jpg\" decoding=\"async\" loading=\"lazy\"  \/>            <\/p>\n<p>                <img width=\"375\" height=\"500\" src=\"https:\/\/www.europesays.com\/fr\/wp-content\/uploads\/2025\/06\/leobar-terrasse-plat-du-jourimg-2253-375x500.jpeg\" class=\"attachment-gallery size-gallery\" alt=\"Leobar terrasse plat du jourIMG_2253\" data-full-url=\"https:\/\/pokaa.fr\/wp-content\/uploads\/2025\/06\/26\/leobar-terrasse-plat-du-jourimg-2253.jpeg\" decoding=\"async\" loading=\"lazy\"  \/>            <\/p>\n<p>                <img width=\"386\" height=\"500\" src=\"https:\/\/www.europesays.com\/fr\/wp-content\/uploads\/2025\/06\/terrasse-leobarimg-2798-386x500.jpg\" class=\"attachment-gallery size-gallery\" alt=\"terrasse LeobarIMG_2798\" data-full-url=\"https:\/\/pokaa.fr\/wp-content\/uploads\/2025\/06\/26\/terrasse-leobarimg-2798.jpg\" decoding=\"async\" loading=\"lazy\"  \/>            <\/p>\n<p>                <img width=\"667\" height=\"500\" src=\"https:\/\/www.europesays.com\/fr\/wp-content\/uploads\/2025\/06\/terrasse-leobarimg-2800-667x500.jpg\" class=\"attachment-gallery size-gallery\" alt=\"terrasse LeobarIMG_2800\" data-full-url=\"https:\/\/pokaa.fr\/wp-content\/uploads\/2025\/06\/26\/terrasse-leobarimg-2800-1500x1125.jpg\" decoding=\"async\" loading=\"lazy\"  \/>            <\/p>\n<p>                <img width=\"375\" height=\"500\" src=\"https:\/\/www.europesays.com\/fr\/wp-content\/uploads\/2025\/06\/leobar-terrasse-plat-du-jourimg-2200-375x500.jpeg\" class=\"attachment-gallery size-gallery\" alt=\"Leobar terrasse plat du jourIMG_2200\" data-full-url=\"https:\/\/pokaa.fr\/wp-content\/uploads\/2025\/06\/26\/leobar-terrasse-plat-du-jourimg-2200.jpeg\" decoding=\"async\" loading=\"lazy\"  \/>            <\/p>\n<p>                    1. 3. 4. \u00a9 L\u00e9obar \/ Documents remis ; 2. 5. \u00a9 Bastien Pietronave \/ Pokaa<\/p>\n<p><script async src=\"\/\/www.instagram.com\/embed.js\"><\/script><\/p>\n","protected":false},"excerpt":{"rendered":"Dans la pas si grande famille des bars \u00e0 cocktails et \u00e0 vins strasbourgeois, on vous pr\u00e9sente un&hellip;\n","protected":false},"author":2,"featured_media":213660,"comment_status":"","ping_status":"","sticky":false,"template":"","format":"standard","meta":{"footnotes":""},"categories":[2820],"tags":[1111,11,35337,35338,1777,674,1011,27,775,12,25,640,16963],"class_list":{"0":"post-213659","1":"post","2":"type-post","3":"status-publish","4":"format-standard","5":"has-post-thumbnail","7":"category-strasbourg","8":"tag-actu","9":"tag-actualites","10":"tag-bar-a-cocktail","11":"tag-bar-a-vin","12":"tag-eu","13":"tag-europe","14":"tag-fr","15":"tag-france","16":"tag-grand-est","17":"tag-news","18":"tag-republique-francaise","19":"tag-strasbourg","20":"tag-terrasse"},"share_on_mastodon":{"url":"https:\/\/pubeurope.com\/@fr\/114767569902262403","error":""},"_links":{"self":[{"href":"https:\/\/www.europesays.com\/fr\/wp-json\/wp\/v2\/posts\/213659","targetHints":{"allow":["GET"]}}],"collection":[{"href":"https:\/\/www.europesays.com\/fr\/wp-json\/wp\/v2\/posts"}],"about":[{"href":"https:\/\/www.europesays.com\/fr\/wp-json\/wp\/v2\/types\/post"}],"author":[{"embeddable":true,"href":"https:\/\/www.europesays.com\/fr\/wp-json\/wp\/v2\/users\/2"}],"replies":[{"embeddable":true,"href":"https:\/\/www.europesays.com\/fr\/wp-json\/wp\/v2\/comments?post=213659"}],"version-history":[{"count":0,"href":"https:\/\/www.europesays.com\/fr\/wp-json\/wp\/v2\/posts\/213659\/revisions"}],"wp:featuredmedia":[{"embeddable":true,"href":"https:\/\/www.europesays.com\/fr\/wp-json\/wp\/v2\/media\/213660"}],"wp:attachment":[{"href":"https:\/\/www.europesays.com\/fr\/wp-json\/wp\/v2\/media?parent=213659"}],"wp:term":[{"taxonomy":"category","embeddable":true,"href":"https:\/\/www.europesays.com\/fr\/wp-json\/wp\/v2\/categories?post=213659"},{"taxonomy":"post_tag","embeddable":true,"href":"https:\/\/www.europesays.com\/fr\/wp-json\/wp\/v2\/tags?post=213659"}],"curies":[{"name":"wp","href":"https:\/\/api.w.org\/{rel}","templated":true}]}}