{"id":213661,"date":"2025-06-29T16:21:09","date_gmt":"2025-06-29T16:21:09","guid":{"rendered":"https:\/\/www.europesays.com\/fr\/213661\/"},"modified":"2025-06-29T16:21:09","modified_gmt":"2025-06-29T16:21:09","slug":"en-raison-de-la-canicule-les-ecoliers-de-cette-commune-de-la-cote-dazur-ne-sont-pas-obliges-de-venir-a-lecole-ce-lundi-30-juin","status":"publish","type":"post","link":"https:\/\/www.europesays.com\/fr\/213661\/","title":{"rendered":"En raison de la canicule, les \u00e9coliers de cette commune de la C\u00f4te d&rsquo;Azur ne sont pas oblig\u00e9s de venir \u00e0 l\u2019\u00e9cole ce lundi 30 juin"},"content":{"rendered":"<p>Les \u00e9coles devraient rester ouvertes ce lundi 30 juin, <a href=\"https:\/\/www.nicematin.com\/meteo\/vigilance-orange-l-alerte-canicule-reconduite-dans-les-alpes-maritimes-84-departements-concernes-en-france-992162\" target=\"_blank\" rel=\"noopener\">malgr\u00e9 la chaleur accablante<\/a>. Mais la commune de La Trinit\u00e9 prend les devants. \u00ab\u00a0Dans le cadre de l\u2019alerte canicule orange annonc\u00e9e pour ce lundi, la Ville, en \u00e9troite coordination avec l\u2019\u00c9ducation nationale, met en \u0153uvre un dispositif exceptionnel pour assurer la s\u00e9curit\u00e9 et le bien-\u00eatre des enfants dans les \u00e9coles et la cr\u00e8che municipale\u00a0\u00bb, explique la Ville dans un communiqu\u00e9 envoy\u00e9 ce dimanche 29 juin.<\/p>\n<p>Concr\u00e8tement, <strong>\u00ab\u00a0les \u00e9tablissements scolaires et la cr\u00e8che resteront ouverts. Toutefois, il est propos\u00e9 aux parents qui le peuvent et le souhaitent de garder leurs enfants \u00e0 la maison ou de venir les r\u00e9cup\u00e9rer \u00e0 12h ou \u00e0 14h\u00a0\u00bb.<\/strong><\/p>\n<p><strong>Les \u00e9quipes \u00e9ducatives renforc\u00e9es<\/strong><\/p>\n<p>La Ville annonce par ailleurs la mobilisation d\u2019agents municipaux pour renforcer les \u00e9quipes \u00e9ducatives. \u00ab\u00a0Les animateurs p\u00e9riscolaires viendront en appui des enseignants afin d\u2019organiser des jeux d\u2019eau et de veiller \u00e0 une hydratation r\u00e9guli\u00e8re des enfants durant l\u2019apr\u00e8s-midi.\u00a0\u00bb<\/p>\n<p>Pour les parents qui d\u00e9cident de garder leurs enfants \u00e0 la maison ou de les r\u00e9cup\u00e9rer \u00e0 la pause d\u00e9jeuner, \u00ab\u00a0les repas non pris ne seront pas factur\u00e9s aux familles concern\u00e9es\u00a0\u00bb. Par ailleurs, le p\u00f4le senior de Vira Soule\u00f9, climatis\u00e9, sera ouvert \u00e0 tous de 9h \u00e0 17h, ce lundi 30 juin.<\/p>\n","protected":false},"excerpt":{"rendered":"Les \u00e9coles devraient rester ouvertes ce lundi 30 juin, malgr\u00e9 la chaleur accablante. Mais la commune de La&hellip;\n","protected":false},"author":2,"featured_media":213662,"comment_status":"","ping_status":"","sticky":false,"template":"","format":"standard","meta":{"footnotes":""},"categories":[2819],"tags":[1111,11,1777,674,1011,27,12,2401,882,25,3366],"class_list":{"0":"post-213661","1":"post","2":"type-post","3":"status-publish","4":"format-standard","5":"has-post-thumbnail","7":"category-nice","8":"tag-actu","9":"tag-actualites","10":"tag-eu","11":"tag-europe","12":"tag-fr","13":"tag-france","14":"tag-news","15":"tag-nice","16":"tag-provence-alpes-cote-dazur","17":"tag-republique-francaise","18":"tag-vie-locale"},"share_on_mastodon":{"url":"https:\/\/pubeurope.com\/@fr\/114767572787031861","error":""},"_links":{"self":[{"href":"https:\/\/www.europesays.com\/fr\/wp-json\/wp\/v2\/posts\/213661","targetHints":{"allow":["GET"]}}],"collection":[{"href":"https:\/\/www.europesays.com\/fr\/wp-json\/wp\/v2\/posts"}],"about":[{"href":"https:\/\/www.europesays.com\/fr\/wp-json\/wp\/v2\/types\/post"}],"author":[{"embeddable":true,"href":"https:\/\/www.europesays.com\/fr\/wp-json\/wp\/v2\/users\/2"}],"replies":[{"embeddable":true,"href":"https:\/\/www.europesays.com\/fr\/wp-json\/wp\/v2\/comments?post=213661"}],"version-history":[{"count":0,"href":"https:\/\/www.europesays.com\/fr\/wp-json\/wp\/v2\/posts\/213661\/revisions"}],"wp:featuredmedia":[{"embeddable":true,"href":"https:\/\/www.europesays.com\/fr\/wp-json\/wp\/v2\/media\/213662"}],"wp:attachment":[{"href":"https:\/\/www.europesays.com\/fr\/wp-json\/wp\/v2\/media?parent=213661"}],"wp:term":[{"taxonomy":"category","embeddable":true,"href":"https:\/\/www.europesays.com\/fr\/wp-json\/wp\/v2\/categories?post=213661"},{"taxonomy":"post_tag","embeddable":true,"href":"https:\/\/www.europesays.com\/fr\/wp-json\/wp\/v2\/tags?post=213661"}],"curies":[{"name":"wp","href":"https:\/\/api.w.org\/{rel}","templated":true}]}}