{"id":213663,"date":"2025-06-29T16:22:12","date_gmt":"2025-06-29T16:22:12","guid":{"rendered":"https:\/\/www.europesays.com\/fr\/213663\/"},"modified":"2025-06-29T16:22:12","modified_gmt":"2025-06-29T16:22:12","slug":"mercato-marcin-bulka-vers-larabie-saoudite-ligue-1-ogc-nice","status":"publish","type":"post","link":"https:\/\/www.europesays.com\/fr\/213663\/","title":{"rendered":"Mercato : Marcin Bulka vers l\u2019Arabie saoudite &#8211; Ligue 1 &#8211; OGC Nice"},"content":{"rendered":"<p>Ah.<\/p>\n<p>\u00c0 un an de la fin de son contrat, <strong>Marcin Bulka pourrait rapidement faire ses valises et quitter la C\u00f4te d\u2019Azur<\/strong>. Annonc\u00e9 en partance pour l\u2019Angleterre, notamment \u00e0 Sunderland, <strong>le portier du Gym pourrait finalement atterrir en Arabie saoudite selon les sources<\/strong>. L\u2019OGC Nice aurait m\u00eame trouv\u00e9 un accord avec Neom, un promu en Saudi Pro League, que Christophe Galtier, <a target=\"_blank\" href=\"https:\/\/www.sofoot.com\/breves\/christophe-galtier-quitte-le-qatar-et-se-retrouve-libre-de-tout-contrat\" rel=\"nofollow noopener\">libre de tout contrat depuis son d\u00e9part du Qatar<\/a>, devrait rejoindre.<\/p>\n<p class=\"Paragraph__content\" data-v-e14a34bc=\"\">Alors que Lucas Perri \u00e9tait \u00e9galement cibl\u00e9, le club saoudien, <a target=\"_blank\" href=\"https:\/\/www.sofoot.com\/breves\/mercato-alexandre-lacazette-va-sen-aller-au-neom-sc-en-arabie-saoudite\" rel=\"nofollow noopener\">o\u00f9 vient de signer Alexandre Lacazette<\/a>, aurait jet\u00e9 son d\u00e9volu sur Bulka. Nice r\u00e9clamerait entre 15 et 20 millions d\u2019euros pour l\u00e2cher son gardien, dont le d\u00e9part serait une v\u00e9ritable perte. La balle serait d\u00e9sormais dans le camp de l\u2019international polonais.<\/p>\n<p data-v-e14a34bc=\"\">Parfait pour la Ligue des champions !<\/p>\n<p>\t\t\t\t\t\t\t\t\t\t<a class=\"lien-connexe\" href=\"https:\/\/www.sofoot.com\/breves\/rennes-om-et-nantes-psg-on-connait-les-affiches-de-la-premiere-journee-de-ligue-1\" rel=\"nofollow noopener\" target=\"_blank\">D\u00e9couvrez les affiches de la premi\u00e8re journ\u00e9e de Ligue 1<\/a>\t\t\t\t\t<\/p>\n","protected":false},"excerpt":{"rendered":"Ah. \u00c0 un an de la fin de son contrat, Marcin Bulka pourrait rapidement faire ses valises et&hellip;\n","protected":false},"author":2,"featured_media":213664,"comment_status":"","ping_status":"","sticky":false,"template":"","format":"standard","meta":{"footnotes":""},"categories":[2819],"tags":[1111,47,11,61,69,65,64,1777,674,63,1011,27,68,66,12,62,2401,70,882,25,67],"class_list":{"0":"post-213663","1":"post","2":"type-post","3":"status-publish","4":"format-standard","5":"has-post-thumbnail","7":"category-nice","8":"tag-actu","9":"tag-actualite","10":"tag-actualites","11":"tag-actus-football","12":"tag-bundesliga","13":"tag-championnats-europeens","14":"tag-equipe-de-france","15":"tag-eu","16":"tag-europe","17":"tag-football","18":"tag-fr","19":"tag-france","20":"tag-ligua","21":"tag-ligue-1","22":"tag-news","23":"tag-news-foot","24":"tag-nice","25":"tag-premier-league","26":"tag-provence-alpes-cote-dazur","27":"tag-republique-francaise","28":"tag-serie-a"},"share_on_mastodon":{"url":"https:\/\/pubeurope.com\/@fr\/114767576741897891","error":""},"_links":{"self":[{"href":"https:\/\/www.europesays.com\/fr\/wp-json\/wp\/v2\/posts\/213663","targetHints":{"allow":["GET"]}}],"collection":[{"href":"https:\/\/www.europesays.com\/fr\/wp-json\/wp\/v2\/posts"}],"about":[{"href":"https:\/\/www.europesays.com\/fr\/wp-json\/wp\/v2\/types\/post"}],"author":[{"embeddable":true,"href":"https:\/\/www.europesays.com\/fr\/wp-json\/wp\/v2\/users\/2"}],"replies":[{"embeddable":true,"href":"https:\/\/www.europesays.com\/fr\/wp-json\/wp\/v2\/comments?post=213663"}],"version-history":[{"count":0,"href":"https:\/\/www.europesays.com\/fr\/wp-json\/wp\/v2\/posts\/213663\/revisions"}],"wp:featuredmedia":[{"embeddable":true,"href":"https:\/\/www.europesays.com\/fr\/wp-json\/wp\/v2\/media\/213664"}],"wp:attachment":[{"href":"https:\/\/www.europesays.com\/fr\/wp-json\/wp\/v2\/media?parent=213663"}],"wp:term":[{"taxonomy":"category","embeddable":true,"href":"https:\/\/www.europesays.com\/fr\/wp-json\/wp\/v2\/categories?post=213663"},{"taxonomy":"post_tag","embeddable":true,"href":"https:\/\/www.europesays.com\/fr\/wp-json\/wp\/v2\/tags?post=213663"}],"curies":[{"name":"wp","href":"https:\/\/api.w.org\/{rel}","templated":true}]}}