{"id":213672,"date":"2025-06-29T16:27:08","date_gmt":"2025-06-29T16:27:08","guid":{"rendered":"https:\/\/www.europesays.com\/fr\/213672\/"},"modified":"2025-06-29T16:27:08","modified_gmt":"2025-06-29T16:27:08","slug":"ces-lieux-de-fraicheur-seront-ouverts-plus-longtemps-a-toulouse","status":"publish","type":"post","link":"https:\/\/www.europesays.com\/fr\/213672\/","title":{"rendered":"ces lieux de fra\u00eecheur seront ouverts plus longtemps \u00e0 Toulouse"},"content":{"rendered":"<p>            Par<br \/>\n        <strong><br \/>\n            <a href=\"https:\/\/actu.fr\/auteur\/marie-lamarque\" title=\"Consulter tous les articles de Marie Lamarque\" rel=\"nofollow noopener\" target=\"_blank\">Marie Lamarque<\/a><br \/>\n        <\/strong><\/p>\n<p>        Publi\u00e9 le<\/p>\n<p>            28 juin 2025 \u00e0 19h37        <\/p>\n<p>La Haute-Garonne passera<strong> en vigilance orange pour la canicule<\/strong> \u00e0 partir de 12h, ce dimanche 29 juin 2025. <a href=\"https:\/\/actu.fr\/occitanie\/toulouse_31555\/canicule-un-dome-de-chaleur-s-installe-en-occitanie-la-haute-garonne-passe-en-alerte-orange_62839166.html\" rel=\"nofollow noopener\" target=\"_blank\">Les temp\u00e9ratures vont encore grimper<\/a> dans la Ville rose o\u00f9 le thermom\u00e8tre pourrait atteindre les 37\u00b0C. Pour affronter les fortes chaleurs, la mairie de <a href=\"https:\/\/actu.fr\/toulouse\/\" rel=\"nofollow noopener\" target=\"_blank\">Toulouse<\/a> met en place un dispositif sp\u00e9cial afin de permettre aux habitants de profiter d\u2019un peu de fra\u00eecheur.<\/p>\n<p>45 parcs et jardins ouverts jusqu\u2019\u00e0 21h<\/p>\n<p class=\" wall-content\">De nombreux lieux climatis\u00e9s ou ombrag\u00e9s voient leurs horaires d\u2019ouverture prolong\u00e9s :<\/p>\n<ul class=\" wall-content\">\n<li><strong>45 parcs et jardins<\/strong> ouverts jusqu\u2019\u00e0 21h ;<\/li>\n<li><strong>15 parcs accessibles jusqu\u2019\u00e0 23h<\/strong> (Jardin Royal, Grand Rond, Niel, Jardin des Plantes, jardin Raymond VI, parc de la Poudrerie, espaces arbor\u00e9s de la basilique Saint-Sernin, nouveau jardin de la Grave, parc Ozenne, jardin de l\u2019Observatoire, jardin Rangueil, parc du Sacr\u00e9 c\u0153ur, jardin Marcel-Thourel, parc du ch\u00e2teau de la Reynerie) ;<\/li>\n<li><strong>le Jardin de la Chapelle des Carm\u00e9lites et le Castelet<\/strong> ouverts jusqu\u2019\u00e0 20h ;<\/li>\n<li><strong>le Museum et le Quai des Savoirs<\/strong> accessibles\u00a0jusqu\u2019\u00e0 20h.<\/li>\n<\/ul>\n<p>Piscines : tarif \u00e0 1 \u20ac et nouveaux horaires<\/p>\n<p class=\" wall-content\">Envie de piquer une t\u00eate ? Toutes les piscines sont au tarif canicule, soit<strong> 1\u20ac l\u2019entr\u00e9e<\/strong>, \u00e0 partir de dimanche midi.<\/p>\n<p class=\" wall-content\">Les horaires d\u2019ouverture sont aussi \u00e9tendus ce dimanche 29 juin, lundi 30 juin et mardi 1er juillet :<\/p>\n<p>Vid\u00e9os : en ce moment sur Actu<\/p>\n<ul class=\" wall-content\">\n<li><strong>la piscine Chapou<\/strong> de 12h \u00e0 20h ;<\/li>\n<li><strong>la piscine Yvonne Godard<\/strong> de 12h \u00e0 21h ;<\/li>\n<li><strong>la piscine Jany<\/strong> de 12h \u00e0 21h ;<\/li>\n<li><strong>la piscine Bellevue<\/strong> de 8h30 \u00e0 21h.<\/li>\n<\/ul>\n<p class=\" wall-content\">Pour la piscine Castex et la piscine Alfred-Nakache : ce dimanche, les horaires d\u2019ouverture restent les m\u00eames, de 9h30 \u00e0 20h30, et extension des horaires lundi et mardi jusqu\u2019\u00e0 20h30 (au lieu de 19h).<\/p>\n<p class=\" wall-content\">Pour la piscine Papus, elle sera ouverte dimanche de 8h30 \u00e0 15h, avec lundi et mardi une extension des horaires : ouverture de 12h \u00e0 21h (au lieu de 19h).<\/p>\n<p>O\u00f9 trouver des points d\u2019eau ?<\/p>\n<p class=\" wall-content\">Cela fait aussi partie des gestes simples pour mieux supporter les fortes temp\u00e9ratures, bien penser \u00e0 s\u2019hydrater m\u00eame lorsque l\u2019on n\u2019en ressent pas le besoin. Pour remplir sa gourde en centre-ville, plusieurs points d\u2019eau sont mis \u00e0 disposition. Toulouse regroupe plus de 380 fontaines. <a href=\"https:\/\/carto.toulouse-metropole.fr\/adws\/app\/ba464e70-df9d-11e9-a862-0bdd4d4f2b19\/index.html?dummy=1593526266731\" rel=\"nofollow noopener\" target=\"_blank\">Une carte interactive est disponible ici<\/a>.<\/p>\n<p>Pour les seniors<\/p>\n<p class=\" wall-content\">Pour prot\u00e9ger les personnes vuln\u00e9rables, les restaurants seniors solidaires, qui sont climatis\u00e9s, seront ouverts jusqu\u2019\u00e0 18h (au lieu de 15h).<\/p>\n<p class=\" wall-content\">Par ailleurs, la mairie de Toulouse et le Centre communal d\u2019action sociale (CCAS) d\u00e9ploient le Plan d\u2019alerte et d\u2019urgence (PAU) destin\u00e9 \u00e0 prot\u00e9ger les personnes les plus vuln\u00e9rables. Ce dispositif gratuit s\u2019adresse aux personnes \u00e2g\u00e9es et aux personnes en situation de handicap qui peuvent se faire recenser gratuitement aupr\u00e8s d\u2019All\u00f4 Seniors.<\/p>\n<p class=\" wall-content\">Dans le cadre de la vigilance orange canicule annonc\u00e9e, les personnes recens\u00e9es sont contact\u00e9es, pour s\u2019assurer de leur \u00e9tat de sant\u00e9 et organiser une \u00e9ventuelle aide (appel ou visite \u00e0 domicile, soutien m\u00e9dical ou social en urgence, livraison d\u2019eau, d\u2019aliments ou autres aides essentielles).<\/p>\n<p class=\" wall-content\">Suivez toute l\u2019actualit\u00e9 de vos villes et m\u00e9dias favoris en vous inscrivant \u00e0 <a href=\"https:\/\/moncompte.actu.fr\" title=\"D\u00e9couvez Mon Actu\" rel=\"nofollow noopener\" data-trk=\"{&quot;cta&quot;:{&quot;action&quot;:&quot;https:\\\/\\\/moncompte.actu.fr&quot;,&quot;category&quot;:&quot;mon compte&quot;,&quot;from&quot;:&quot;article footer&quot;,&quot;name&quot;:&quot;Mon actu&quot;,&quot;type&quot;:&quot;cta&quot;}}\" target=\"_blank\">Mon Actu<\/a>.<\/p>\n","protected":false},"excerpt":{"rendered":"Par Marie Lamarque Publi\u00e9 le 28 juin 2025 \u00e0 19h37 La Haute-Garonne passera en vigilance orange pour la&hellip;\n","protected":false},"author":2,"featured_media":213673,"comment_status":"","ping_status":"","sticky":false,"template":"","format":"standard","meta":{"footnotes":""},"categories":[2816],"tags":[1111,11,1777,674,1011,27,12,2680,25,104,2312,15637],"class_list":{"0":"post-213672","1":"post","2":"type-post","3":"status-publish","4":"format-standard","5":"has-post-thumbnail","7":"category-toulouse","8":"tag-actu","9":"tag-actualites","10":"tag-eu","11":"tag-europe","12":"tag-fr","13":"tag-france","14":"tag-news","15":"tag-occitanie","16":"tag-republique-francaise","17":"tag-societe","18":"tag-toulouse","19":"tag-vague-de-chaleur"},"share_on_mastodon":{"url":"https:\/\/pubeurope.com\/@fr\/114767596420694141","error":""},"_links":{"self":[{"href":"https:\/\/www.europesays.com\/fr\/wp-json\/wp\/v2\/posts\/213672","targetHints":{"allow":["GET"]}}],"collection":[{"href":"https:\/\/www.europesays.com\/fr\/wp-json\/wp\/v2\/posts"}],"about":[{"href":"https:\/\/www.europesays.com\/fr\/wp-json\/wp\/v2\/types\/post"}],"author":[{"embeddable":true,"href":"https:\/\/www.europesays.com\/fr\/wp-json\/wp\/v2\/users\/2"}],"replies":[{"embeddable":true,"href":"https:\/\/www.europesays.com\/fr\/wp-json\/wp\/v2\/comments?post=213672"}],"version-history":[{"count":0,"href":"https:\/\/www.europesays.com\/fr\/wp-json\/wp\/v2\/posts\/213672\/revisions"}],"wp:featuredmedia":[{"embeddable":true,"href":"https:\/\/www.europesays.com\/fr\/wp-json\/wp\/v2\/media\/213673"}],"wp:attachment":[{"href":"https:\/\/www.europesays.com\/fr\/wp-json\/wp\/v2\/media?parent=213672"}],"wp:term":[{"taxonomy":"category","embeddable":true,"href":"https:\/\/www.europesays.com\/fr\/wp-json\/wp\/v2\/categories?post=213672"},{"taxonomy":"post_tag","embeddable":true,"href":"https:\/\/www.europesays.com\/fr\/wp-json\/wp\/v2\/tags?post=213672"}],"curies":[{"name":"wp","href":"https:\/\/api.w.org\/{rel}","templated":true}]}}