{"id":213676,"date":"2025-06-29T16:29:15","date_gmt":"2025-06-29T16:29:15","guid":{"rendered":"https:\/\/www.europesays.com\/fr\/213676\/"},"modified":"2025-06-29T16:29:15","modified_gmt":"2025-06-29T16:29:15","slug":"seclin-facade-graffee-messages-humoristiques-une-vision-de-lhotellerie-depoussieree-a-lhotel-moustache","status":"publish","type":"post","link":"https:\/\/www.europesays.com\/fr\/213676\/","title":{"rendered":"Seclin. Fa\u00e7ade graff\u00e9e, messages humoristiques\u2026 Une vision de l\u2019h\u00f4tellerie d\u00e9poussi\u00e9r\u00e9e \u00e0 l\u2019H\u00f4tel Moustache"},"content":{"rendered":"<p>            Par<br \/>\n        <strong><br \/>\n            <a href=\"https:\/\/actu.fr\/auteur\/amandine-vachez\" title=\"Consulter tous les articles de Amandine Vachez\" rel=\"nofollow noopener\" target=\"_blank\">Amandine Vachez<\/a><br \/>\n        <\/strong><\/p>\n<p>        Publi\u00e9 le<\/p>\n<p>            29 juin 2025 \u00e0 17h32        <\/p>\n<p>Dormez \u00ab\u2009au poil\u2009\u00bb \u00e0 l\u2019<b>H\u00f4tel Moustache<\/b>\u2009! Si vous passez r\u00e9guli\u00e8rement sur l\u2019<a href=\"https:\/\/actu.fr\/tag\/autoroute-1-a1\" rel=\"nofollow noopener\" target=\"_blank\">A1<\/a> ou dans la zone commerciale So Green \u00e0<b> <a href=\"http:\/\/actu.fr\/hauts-de-france\/seclin_59560\" rel=\"nofollow noopener\" target=\"_blank\">Seclin<\/a><\/b> (Nord), pr\u00e8s de Lille, ce nom vous dit sans doute quelque chose. C\u2019est celui d\u2019un \u00e9tablissement, ancienne cha\u00eene h\u00f4teli\u00e8re, repris par <b>Boris Meunier<\/b>. Ce Nordiste d\u2019adoption propose <b>une exp\u00e9rience singuli\u00e8re \u00e0 sa client\u00e8le.<\/b><\/p>\n<p>La fa\u00e7ade r\u00e9alis\u00e9e par un artiste roubaisien<\/p>\n<p class=\" wall-content\">Ce qui frappe avant tout, c\u2019est la<b> fa\u00e7ade ultra-color\u00e9e de l\u2019h\u00f4tel<\/b>, avec ses illustrations\u2026 sauvages\u2009! L\u2019<b>artiste roubaisien Salgos <\/b>s\u2019est charg\u00e9 de r\u00e9aliser cette \u0153uvre, pour donner un aspect singulier \u00e0 l\u2019h\u00f4tel.<\/p>\n<p class=\" wall-content\">\u00ab\u2009Avant, le b\u00e2timent \u00e9tait triste, blanc, un peu jauni. Je voulais lui <b>donner un aspect \u00e0 l\u2019image du projet<\/b>, et qui de mieux qu\u2019un talent local pour le faire\u2009?\u2009\u00bb, questionne Boris Meunier. Salgos a donc r\u00e9alis\u00e9 une \u0153uvre monumentale, qui nous emm\u00e8ne dans une dr\u00f4le de jungle, et jusqu\u2019au sein d\u2019un \u00ab\u2009faux Versailles\u2009\u00bb investi par des singes.<\/p>\n<p>    <img   decoding=\"async\" loading=\"lazy\" class=\"size-large\" src=\"https:\/\/www.europesays.com\/fr\/wp-content\/uploads\/2025\/06\/d3254f6c4e586c7254f6c4e589b254v-960x640.jpeg\" alt=\"L'artiste originaire de Roubaix (Nord) Salgos a graff\u00e9 la fa\u00e7ade de l'h\u00f4tel. Le rendu est impressionnant, et change en fonction des points de vue.\" width=\"960\" height=\"640\"\/><br \/>\n    L\u2019artiste originaire de Roubaix (Nord) Salgos a graff\u00e9 la fa\u00e7ade de l\u2019h\u00f4tel. Le rendu est impressionnant, et change en fonction des points de vue. \u00a9A. Vachez\/Lille actu<\/p>\n<p class=\" wall-content\">D\u2019un c\u00f4t\u00e9 du b\u00e2timent, voisin d\u2019un autre h\u00f4tel, on aper\u00e7oit aussi une figure f\u00e9minine portant des lunettes flashy, et se faisant\u2026 une moustache avec ses cheveux. \u00ab\u2009Comme un pied de nez \u2013 pas m\u00e9chant \u2013 \u00e0 mon voisin\u2009\u00bb, s\u2019amuse Boris. \u00ab\u2009L\u2019id\u00e9e est que ceux qui viennent chez lui aient envie de venir chez moi la fois d\u2019apr\u00e8s\u2009!\u2009\u00bb<\/p>\n<p class=\" wall-content\"><a href=\"https:\/\/www.instagram.com\/p\/DIORSLmtD0H\/embed\" title=\"Ouvrir le lien sur Instagram\" rel=\"nofollow noopener\" target=\"_blank\">Visualiser le contenu sur Instagram<\/a><\/p>\n<p>De la cha\u00eene \u00e0 la petite entreprise<\/p>\n<p class=\" wall-content\">Cette b\u00e2tisse, qui existe depuis une trentaine d\u2019ann\u00e9es, a connu des enseignes diff\u00e9rentes. Elle \u00e9tait au d\u00e9part le <b>Quick Palace<\/b>, puis s\u2019est transform\u00e9e en 1998 et pendant 10\u00a0ans, en<b> Foxotel<\/b>. Boris, qui a appos\u00e9 le nom \u00ab\u2009Moustache\u2009\u00bb, voulant se d\u00e9marquer des grands groupes, a saisi l\u2019occasion de reprendre le flambeau. Cet \u00ab\u2009autodidacte de l\u2019h\u00f4tellerie\u2009\u00bb a donc cr\u00e9\u00e9 un lieu \u00e0 son image, pour proposer une exp\u00e9rience particuli\u00e8re \u00e0 la client\u00e8le.<\/p>\n<p>Pourquoi ce nom \u00ab\u00a0Moustache\u00a0\u00bb ?<\/p>\n<p class=\" wall-content\">Autour de ce nom original, c\u2019est tout un concept imagin\u00e9 par Boris. Il raconte une histoire aux visiteurs, celle de l\u2019H\u00f4tel Moustache, qui \u00ab\u2009vient de \u2018Mont Stache\u2019, ancien nom des lieux\u2026 Toute une l\u00e9gende \u00e0 laquelle vous pouvez croire ou non\u2009\u00bb, s\u2019amuse Boris. Pour lui, ce nom \u00ab\u2009inspire la bonhomie, la convivialit\u00e9\u2009\u00bb.<\/p>\n<p class=\" wall-content\">Tout le concept est pens\u00e9 autour de ces valeurs. \u00ab\u2009Je voulais cr\u00e9er un h\u00f4tel dans lequel on se sente bien, loin des cha\u00eenes o\u00f9 tout est pareil, lisse, sans personnalit\u00e9.\u2009\u00bb<\/p>\n<blockquote class=\"ac-article-quote wall-content\">\n<p>\u00ab\u2009Ce que vous avez ici, vous ne le trouverez nulle part ailleurs.\u2009\u00bb<\/p>\n<p>Boris Meunier, g\u00e9rant de l\u2019H\u00f4tel Moustache.<\/p><\/blockquote>\n<p class=\" wall-content\">Les moustaches s\u2019invitent d\u2019ailleurs un peu partout dans l\u2019h\u00f4tel, sur le logo, ou encore sur des tableaux revisit\u00e9s. \u00ab\u2009Les objets de d\u00e9coration sont chin\u00e9s. J\u2019aime que tout ne soit pas pareil.\u2009\u00bb<\/p>\n<p class=\" wall-content\">Surtout, Boris veut que ses \u00e9quipes ressentent cette ambiance au quotidien. Il favorise le savoir-\u00eatre \u00e0 la formation.<\/p>\n<p>Des travaux au long cours dans les 59 chambres<\/p>\n<p class=\" wall-content\">Depuis la reprise en 2018, environ la moiti\u00e9 des chambres a \u00e9t\u00e9 refaite. Trois<b> chambres<\/b> PMR au rez-de-chauss\u00e9e, et d\u2019autres \u00e0 l\u2019\u00e9tage\u2009: <b>simples, doubles et familiales<\/b>. Dans les nouvelles (disponibles d\u00e8s 62\u00a0euros et 98 pour les plus grandes), les murs sont couverts de panneaux de bois contreplaqu\u00e9, les meubles accroch\u00e9s aux murs, <b>dans un style industriel et \u00e9pur\u00e9. <\/b>Les chambres comptent un bon nombre de prises de courant et des rangements pratiques. \u00ab\u2009On a pens\u00e9 \u00e0 l\u2019usage, pour que les gens aient tout le n\u00e9cessaire et s\u2019y sentent bien.\u2009\u00bb<\/p>\n<p>    <img   decoding=\"async\" loading=\"lazy\" class=\"size-large\" src=\"https:\/\/www.europesays.com\/fr\/wp-content\/uploads\/2025\/06\/200f2cc06e586140f2cc06e58e70f2v-960x640.jpeg\" alt=\"Voici un exemple des chambres refaites, \u00e0 l'image de l'H\u00f4tel Moustache : murs et meubles en bois, \u00e9pur\u00e9s, meubles chin\u00e9s, nombreuses prises e courant et espace optimis\u00e9.\" width=\"960\" height=\"640\"\/><br \/>\n    Voici un exemple des chambres refaites, \u00e0 l\u2019image de l\u2019H\u00f4tel Moustache\u2009: murs et meubles en bois, \u00e9pur\u00e9s, meubles chin\u00e9s, nombreuses prises de courant et espace optimis\u00e9. \u00a9H\u00f4tel Moustache \/ The Originals<\/p>\n<p class=\" wall-content\">\u00ab\u2009On a aussi les anciennes chambres, qui sont propres mais au look un peu pass\u00e9. Elles nous permettent de proposer des prix encore plus attractifs\u2009\u00bb, pr\u00e9cise Boris, soit d\u00e8s 53\u00a0euros. Une proposition non n\u00e9gligeable, pour sa <b>client\u00e8le business notamment <\/b>(85-90\u2009%).<\/p>\n<p>Produits locaux et touches personnelles<\/p>\n<p class=\" wall-content\">\u00c0 l\u2019H\u00f4tel Moustache, l\u2019humour est pr\u00e9sent partout. Des citations vous attendent \u00e0 l\u2019entr\u00e9e de chaque chambre, ainsi que des <b>cartels humoristiques dans les espaces priv\u00e9s.<\/b> \u00ab\u2009On tient \u00e0 cette touche originale.\u2009\u00bb L\u2019h\u00f4tel propose un service petit d\u00e9jeuner, autour d\u2019une grande table, comme une<b> table d\u2019h\u00f4te<\/b>. \u00ab\u2009Au mieux, les gens se parlent. Au minimum, ils se disent bonjour. C\u2019est \u00e7a, l\u2019esprit de l\u2019H\u00f4tel Moustache\u2009!\u2009\u00bb Boris assure prendre soin de proposer des produits de qualit\u00e9\u2009: du miel local et des confitures maison, des viennoiseries cuites sur place\u2026 L\u2019\u00e9quipe de huit personnes (six \u00e0 l\u2019accueil et aux petits d\u00e9jeuners, un technicien et une femme de chambre qui b\u00e9n\u00e9ficie d\u2019un renfort r\u00e9gulier) a le soin du d\u00e9tail.<\/p>\n<p>2024, une ann\u00e9e \u00ab\u2009tr\u00e8s compliqu\u00e9e\u2009\u00bb<\/p>\n<p class=\" wall-content\">Si le concept est original, et Boris plein d\u2019enthousiasme et de ressources, le g\u00e9rant confie que <b>l\u2019ann\u00e9e 2024 a \u00e9t\u00e9 \u00ab\u2009tr\u00e8s compliqu\u00e9e\u2009\u00bb<\/b>. Exister face aux cha\u00eenes, \u00e0 l\u2019heure o\u00f9 les sites de r\u00e9servation prennent jusqu\u2019\u00e0 18\u2009% sur le montant de la r\u00e9servation, rembourser les \u00e9ch\u00e9ances du PGE suite au Covid\u2026 Tout cela est un travail d\u2019\u00e9quilibriste. \u00ab\u2009On est une petite entreprise, nous ne pouvons pas injecter des fonds, encore et encore. Il nous reste des am\u00e9nagements \u00e0 faire dans l\u2019h\u00f4tel, mais cela n\u00e9cessite d\u2019avoir une tr\u00e9sorerie.\u2009\u00bb Boris aimerait voir l\u2019histoire de l\u2019H\u00f4tel Moustache se poursuivre le plus longtemps possible. Il a r\u00e9cemment adh\u00e9r\u00e9 \u00e0 la <b>coop\u00e9rative The Originals<\/b>, pour gagner en visibilit\u00e9. Ce qui lui a permis d\u2019attirer l\u2019attention de la r\u00e9daction, et peut-\u00eatre de quelques clients, qui sait\u2009?<\/p>\n<p>Infos et r\u00e9servations en ligne <a href=\"https:\/\/www.theoriginalshotels.com\/hotels\/hotel-moustache-seclin\" rel=\"nofollow noopener\" target=\"_blank\">sur la page de The Originals consacr\u00e9e \u00e0 l\u2019h\u00f4tel<\/a>.<\/p>\n<p class=\" wall-content\">Suivez toute l\u2019actualit\u00e9 de vos villes et m\u00e9dias favoris en vous inscrivant \u00e0 <a href=\"https:\/\/moncompte.actu.fr\" title=\"D\u00e9couvez Mon Actu\" rel=\"nofollow noopener\" data-trk=\"{&quot;cta&quot;:{&quot;action&quot;:&quot;https:\\\/\\\/moncompte.actu.fr&quot;,&quot;category&quot;:&quot;mon compte&quot;,&quot;from&quot;:&quot;article footer&quot;,&quot;name&quot;:&quot;Mon actu&quot;,&quot;type&quot;:&quot;cta&quot;}}\" target=\"_blank\">Mon Actu<\/a>.<\/p>\n<p>                    <script async src=\"\/\/www.instagram.com\/embed.js\"><\/script><\/p>\n","protected":false},"excerpt":{"rendered":"Par Amandine Vachez Publi\u00e9 le 29 juin 2025 \u00e0 17h32 Dormez \u00ab\u2009au poil\u2009\u00bb \u00e0 l\u2019H\u00f4tel Moustache\u2009! Si vous&hellip;\n","protected":false},"author":2,"featured_media":213677,"comment_status":"","ping_status":"","sticky":false,"template":"","format":"standard","meta":{"footnotes":""},"categories":[2815],"tags":[1111,11,1777,674,1011,27,811,1307,12,25,104,602],"class_list":{"0":"post-213676","1":"post","2":"type-post","3":"status-publish","4":"format-standard","5":"has-post-thumbnail","7":"category-lille","8":"tag-actu","9":"tag-actualites","10":"tag-eu","11":"tag-europe","12":"tag-fr","13":"tag-france","14":"tag-hauts-de-france","15":"tag-lille","16":"tag-news","17":"tag-republique-francaise","18":"tag-societe","19":"tag-tourisme"},"share_on_mastodon":{"url":"https:\/\/pubeurope.com\/@fr\/114767604405447571","error":""},"_links":{"self":[{"href":"https:\/\/www.europesays.com\/fr\/wp-json\/wp\/v2\/posts\/213676","targetHints":{"allow":["GET"]}}],"collection":[{"href":"https:\/\/www.europesays.com\/fr\/wp-json\/wp\/v2\/posts"}],"about":[{"href":"https:\/\/www.europesays.com\/fr\/wp-json\/wp\/v2\/types\/post"}],"author":[{"embeddable":true,"href":"https:\/\/www.europesays.com\/fr\/wp-json\/wp\/v2\/users\/2"}],"replies":[{"embeddable":true,"href":"https:\/\/www.europesays.com\/fr\/wp-json\/wp\/v2\/comments?post=213676"}],"version-history":[{"count":0,"href":"https:\/\/www.europesays.com\/fr\/wp-json\/wp\/v2\/posts\/213676\/revisions"}],"wp:featuredmedia":[{"embeddable":true,"href":"https:\/\/www.europesays.com\/fr\/wp-json\/wp\/v2\/media\/213677"}],"wp:attachment":[{"href":"https:\/\/www.europesays.com\/fr\/wp-json\/wp\/v2\/media?parent=213676"}],"wp:term":[{"taxonomy":"category","embeddable":true,"href":"https:\/\/www.europesays.com\/fr\/wp-json\/wp\/v2\/categories?post=213676"},{"taxonomy":"post_tag","embeddable":true,"href":"https:\/\/www.europesays.com\/fr\/wp-json\/wp\/v2\/tags?post=213676"}],"curies":[{"name":"wp","href":"https:\/\/api.w.org\/{rel}","templated":true}]}}