{"id":213703,"date":"2025-06-29T16:43:09","date_gmt":"2025-06-29T16:43:09","guid":{"rendered":"https:\/\/www.europesays.com\/fr\/213703\/"},"modified":"2025-06-29T16:43:09","modified_gmt":"2025-06-29T16:43:09","slug":"au-senat-le-big-beautiful-bill-de-trump-sur-la-sellette","status":"publish","type":"post","link":"https:\/\/www.europesays.com\/fr\/213703\/","title":{"rendered":"Au S\u00e9nat, le \u201cBig Beautiful Bill\u201d de Trump sur la sellette"},"content":{"rendered":"\n<p>C\u2019est de justesse que les s\u00e9nateurs ont vot\u00e9 samedi 28\u00a0juin l\u2019ouverture officielle des d\u00e9bats sur \u201cle vaste programme de politique int\u00e9rieure\u201d de Donald Trump, <a class=\"ithalc\" data-ithal=\"lien_externe\" data-ithalc=\"[nav_article]\" target=\"_blank\" href=\"https:\/\/www.nytimes.com\/2025\/06\/28\/us\/politics\/senate-republicans-reconciliation.html\" rel=\"nofollow noopener\">rapporte <strong>The New York Times<\/strong><\/a><strong>. <\/strong>Par 51\u00a0voix contre 49, dont celles des s\u00e9nateurs r\u00e9publicains Thom Tillis et Rand Paul, qui ont vot\u00e9 avec les d\u00e9mocrates pour tenter de bloquer son examen. Un autre r\u00e9publicain, Ron Johnson, qui avait annonc\u00e9 son intention de voter contre la motion d\u2019ouverture, a chang\u00e9 d\u2019avis apr\u00e8s une rencontre avec le vice-pr\u00e9sident J. D.\u00a0Vance, pr\u00e9sent au Capitole tout au long de la journ\u00e9e.<\/p>\n<p>Au cours de la matin\u00e9e, Donald Trump avait de son c\u00f4t\u00e9 convi\u00e9 Rand Paul \u00e0 une partie de golf avant de d\u00e9cider de suivre depuis le Bureau ovale les tractations entre les dirigeants du Parti r\u00e9publicain, majoritaire au S\u00e9nat, et les r\u00e9fractaires. <a class=\"ithalc\" data-ithal=\"lien_externe\" data-ithalc=\"[nav_article]\" target=\"_blank\" href=\"https:\/\/www.bloomberg.com\/news\/articles\/2025-06-29\/senate-republicans-advance-trump-tax-bill-on-crucial-test-vote\" rel=\"nofollow noopener\">Selon <strong>Bloomberg<\/strong><\/a>, il a m\u00eame \u201cmenac\u00e9 de trouver un concurrent r\u00e9publicain pour le si\u00e8ge de Thom Tillis\u201d.<\/p>\n<p>\u201cLes dirigeants r\u00e9publicains ont maintenu le vote ouvert pendant plus de trois heures dans une ambiance pleine de suspense pendant qu\u2019ils marchandaient avec les r\u00e9calcitrants, au S\u00e9nat et \u00e0 huis clos, afin d\u2019obtenir leur soutien\u201d, <a class=\"ithalc\" data-ithal=\"lien_externe\" data-ithalc=\"[nav_article]\" target=\"_blank\" href=\"https:\/\/www.washingtonpost.com\/business\/2025\/06\/28\/trump-big-bill-senate\/\" rel=\"nofollow noopener\">\u00e9crit le <strong>Washington Post<\/strong><\/a><strong>. <\/strong>Quant aux d\u00e9mocrates, ils ont exig\u00e9 que le texte, long d\u2019un millier de pages, soit lu int\u00e9gralement devant les \u00e9lus avant le d\u00e9but des d\u00e9bats, \u201cce qui devrait prendre plus d\u2019une douzaine d\u2019heures et sans doute repousser la d\u00e9cision finale \u00e0 lundi au plus t\u00f4t\u201d, selon le New York Times. \u201cLes r\u00e9publicains ne veulent pas dire \u00e0 l\u2019Am\u00e9rique ce qui est dans le projet de loi, a expliqu\u00e9 Chuck Schumer, le leader des d\u00e9mocrates. Si n\u00e9cessaire, nous resterons l\u00e0 toute la nuit.\u201d<\/p>\n<p>L\u2019adoption d\u00e9finitive du texte \u201cest loin d\u2019\u00eatre assur\u00e9e\u201d, estime le Washington Post, les nouvelles dispositions concernant le programme d\u2019assurance sant\u00e9 Medicaid et les projets de suppression des cr\u00e9dits d\u2019imp\u00f4t pour les \u00e9nergies propres de l\u2019\u00e8re Biden, notamment, continuant \u00e0 susciter des luttes intestines au sein des r\u00e9publicains.<\/p>\n<p>               4\u00a0000\u00a0milliards de r\u00e9ductions d\u2019imp\u00f4ts       <\/p>\n<p>Pour Donald Trump et ses partisans, l\u2019enjeu est de concr\u00e9tiser les promesses de campagne. \u00c0 commencer la prolongation des cr\u00e9dits d\u2019imp\u00f4t adopt\u00e9s en 2017, lors du premier mandat de Donald Trump, et les milliards de dollars suppl\u00e9mentaires allou\u00e9s \u00e0 la d\u00e9fense et \u00e0 la lutte contre l\u2019immigration, tout en r\u00e9duisant drastiquement les d\u00e9penses consacr\u00e9es aux programmes de protection sociale.<\/p>\n<p>\u201cLe projet de loi du S\u00e9nat pr\u00e9voit 4\u00a0000\u00a0milliards de dollars de r\u00e9ductions d\u2019imp\u00f4ts, soit un montant l\u00e9g\u00e8rement sup\u00e9rieur aux 3\u00a0800\u00a0milliards propos\u00e9s par la Chambre des repr\u00e9sentants\u201d, <a class=\"ithalc\" data-ithal=\"lien_externe\" data-ithalc=\"[nav_article]\" target=\"_blank\" href=\"https:\/\/www.npr.org\/sections\/shots-health-news\/2025\/06\/27\/nx-s1-5445275\/uninsured-medicaid-aca-trump-congress\" rel=\"nofollow noopener\">pr\u00e9cise <strong>NPR<\/strong><\/a><strong>. <\/strong>Il alloue \u00e9galement 46,5\u00a0milliards de dollars \u00e0 l\u2019ach\u00e8vement du mur \u00e9rig\u00e9 entre les \u00c9tats-Unis et le Mexique, 10\u00a0milliards de dollars \u00e0 la s\u00e9curit\u00e9 des fronti\u00e8res et 5\u00a0milliards de dollars aux dispositifs douaniers.<\/p>\n<p>En compensation, il faudrait notamment r\u00e9duire de plus de 1\u00a0000\u00a0milliards de dollars le budget de Medicaid, le programme f\u00e9d\u00e9ral d\u2019assurance maladie pour les personnes \u00e0 faibles revenus et les personnes handicap\u00e9es, et du SNAP, le programme d\u2019aide nutritionnelle contre la pauvret\u00e9.<\/p>\n<p>Une des versions du projet de loi actuellement d\u00e9battues au S\u00e9nat \u201cpourrait entra\u00eener la perte de la couverture Medicaid pour plus de 10,9\u00a0millions d\u2019Am\u00e9ricains d\u2019ici 2034\u201d, selon les estimations du Congressional Budget Office, un organisme non partisan. \u201cLes effets pourraient \u00eatre catastrophiques\u201d, pr\u00e9vient Jennifer Tolbert, directrice adjointe du programme de la fondation KFF concernant Medicaid. Le \u201cBig Beautiful Bill\u201d revient \u00e9galement sur les incitations fiscales en faveur des \u00e9nergies renouvelables mises en place par Joe Biden.<\/p>\n<p>               Le 4-Juillet comme date butoir       <\/p>\n<p>Les d\u00e9mocrates soulignent l\u2019impopularit\u00e9 du projet de loi dans la population. Selon les sondages, quelque 42\u00a0% des Am\u00e9ricains y sont oppos\u00e9s, contre 23\u00a0% qui le soutiennent et 34\u00a0% qui d\u00e9clarent ne pas avoir d\u2019opinion, souligne NPR.<\/p>\n<p>Thom Tillis, s\u00e9nateur r\u00e9publicain de Caroline du Nord et candidat \u00e0 sa r\u00e9\u00e9lection en 2026, a expliqu\u00e9 dans une d\u00e9claration circonstanci\u00e9e qu\u2019il s\u2019opposait au projet de budget car \u201cil entra\u00eenerait une perte de financement de plusieurs dizaines de milliards de dollars pour la Caroline du Nord, notamment pour nos h\u00f4pitaux et nos communaut\u00e9s rurales\u201d. \u00c0 la Chambre des repr\u00e9sentants, o\u00f9 une premi\u00e8re version du texte a \u00e9t\u00e9 adopt\u00e9e \u00e0 une voix pr\u00e8s, plusieurs \u00e9lus r\u00e9publicains sont sur la m\u00eame ligne.<\/p>\n<p>Les chefs du Parti r\u00e9publicain esp\u00e8rent n\u00e9anmoins proc\u00e9der au vote d\u2019ici lundi. La navette parlementaire fera alors revenir le \u201cBig Beautiful Bill\u201d devant la Chambre des repr\u00e9sentants. Dans un communiqu\u00e9 publi\u00e9 samedi, la Maison-Blanche a exhort\u00e9 le Congr\u00e8s \u00e0 lui transmettre la version finale du projet d\u2019ici le 4\u00a0juillet, date de la f\u00eate nationale, en pr\u00e9venant que sa non-adoption constituerait \u201cune trahison totale\u201d.<\/p>\n","protected":false},"excerpt":{"rendered":"C\u2019est de justesse que les s\u00e9nateurs ont vot\u00e9 samedi 28\u00a0juin l\u2019ouverture officielle des d\u00e9bats sur \u201cle vaste programme&hellip;\n","protected":false},"author":2,"featured_media":213704,"comment_status":"","ping_status":"","sticky":false,"template":"","format":"standard","meta":{"footnotes":""},"categories":[1589],"tags":[11,3822,75,73,1866,12,316,770,1864,1865,1863,308],"class_list":{"0":"post-213703","1":"post","2":"type-post","3":"status-publish","4":"format-standard","5":"has-post-thumbnail","7":"category-etats-unis","8":"tag-actualites","9":"tag-amu00e9riques","10":"tag-donald-trump","11":"tag-etats-unis","12":"tag-etats-unis-damerique","13":"tag-news","14":"tag-politique","15":"tag-u00e9tats-unis","16":"tag-united-states","17":"tag-united-states-of-america","18":"tag-us","19":"tag-usa"},"share_on_mastodon":{"url":"https:\/\/pubeurope.com\/@fr\/114767659266488745","error":""},"_links":{"self":[{"href":"https:\/\/www.europesays.com\/fr\/wp-json\/wp\/v2\/posts\/213703","targetHints":{"allow":["GET"]}}],"collection":[{"href":"https:\/\/www.europesays.com\/fr\/wp-json\/wp\/v2\/posts"}],"about":[{"href":"https:\/\/www.europesays.com\/fr\/wp-json\/wp\/v2\/types\/post"}],"author":[{"embeddable":true,"href":"https:\/\/www.europesays.com\/fr\/wp-json\/wp\/v2\/users\/2"}],"replies":[{"embeddable":true,"href":"https:\/\/www.europesays.com\/fr\/wp-json\/wp\/v2\/comments?post=213703"}],"version-history":[{"count":0,"href":"https:\/\/www.europesays.com\/fr\/wp-json\/wp\/v2\/posts\/213703\/revisions"}],"wp:featuredmedia":[{"embeddable":true,"href":"https:\/\/www.europesays.com\/fr\/wp-json\/wp\/v2\/media\/213704"}],"wp:attachment":[{"href":"https:\/\/www.europesays.com\/fr\/wp-json\/wp\/v2\/media?parent=213703"}],"wp:term":[{"taxonomy":"category","embeddable":true,"href":"https:\/\/www.europesays.com\/fr\/wp-json\/wp\/v2\/categories?post=213703"},{"taxonomy":"post_tag","embeddable":true,"href":"https:\/\/www.europesays.com\/fr\/wp-json\/wp\/v2\/tags?post=213703"}],"curies":[{"name":"wp","href":"https:\/\/api.w.org\/{rel}","templated":true}]}}