{"id":213707,"date":"2025-06-29T16:45:15","date_gmt":"2025-06-29T16:45:15","guid":{"rendered":"https:\/\/www.europesays.com\/fr\/213707\/"},"modified":"2025-06-29T16:45:15","modified_gmt":"2025-06-29T16:45:15","slug":"championnats-dallemagne-2025-georg-zimmermann-sacre","status":"publish","type":"post","link":"https:\/\/www.europesays.com\/fr\/213707\/","title":{"rendered":"Championnats d&rsquo;Allemagne 2025 &#8211; Georg Zimmermann sacr\u00e9"},"content":{"rendered":"<p>              <img loading=\"lazy\" decoding=\"async\" width=\"1024\" height=\"576\" src=\"data:image\/svg+xml,%3Csvg%20xmlns=\" http:=\"\" class=\"img-fluid\" alt=\"Georg Zimmermann sacr\u00e9 champion d\u2019Allemagne 2025\" data-lazy-src=\"https:\/\/www.europesays.com\/fr\/wp-content\/uploads\/2025\/06\/Georg-Zimmermann-sacre-champion-d-Allemagne-2025-1024x576.jpeg\"\/><br \/>\n                                            Georg Zimmermann remporte le championnat d&rsquo;Allemagne 2025<\/p>\n<p>          Georg Zimmermann a remport\u00e9 le championnat d\u2019Allemagne 2025 ce dimanche 29 juin \u00e0 Linden. <\/p>\n<p>Pour la 1e fois de sa carri\u00e8re, <strong><a href=\"https:\/\/www.total-velo.com\/coureur-zimmermann-georg\/\" target=\"_blank\" rel=\"noreferrer noopener nofollow\">Georg Zimmermann<\/a><\/strong> (27 ans) a \u00e9t\u00e9 sacr\u00e9 <strong>champion d\u2019Allemagne<\/strong> ce dimanche 29 juin 2025. Le soci\u00e9taire de la formation <strong>Intermarch\u00e9-Wanty<\/strong> a r\u00e9gl\u00e9 au sprint un petit groupe compos\u00e9 de 4 coureurs : <strong>Felix Engelhardt<\/strong> (Jayco-AlUla), <strong>Anton Schiffer<\/strong> (BIKE AID) et <strong>Lennard Kamna <\/strong>(Lidl-Trek). Respectivement 2e et 3e sur la ligne, <strong>Engelhardt<\/strong> et <strong>Schiffer<\/strong> ont compl\u00e9t\u00e9 le podium \u00e0 l\u2019issue des 198 kilom\u00e8tres du jour \u00e0 <strong>Linden<\/strong>. <\/p>\n<blockquote class=\"wp-block-quote is-layout-flow wp-block-quote-is-layout-flow\">\n<p class=\"has-text-align-center has-small-font-size\">Devenez un membre privil\u00e9gi\u00e9 de <strong>TotalVelo <\/strong>! <br \/>Pour <strong>seulement 6\u20ac par an<\/strong>, profitez et naviguez <strong>sans pubs <\/strong>avec des <strong>analyses pointues<\/strong>, des <strong>contenus exclusifs<\/strong> sur les plus grandes \u00e9preuves et soutenez un <strong>m\u00e9dia ind\u00e9pendant<\/strong>.<br \/>Abonnez-vous maintenant et vivez le cyclisme autrement !<\/p>\n<\/blockquote>\n","protected":false},"excerpt":{"rendered":"Georg Zimmermann remporte le championnat d&rsquo;Allemagne 2025 Georg Zimmermann a remport\u00e9 le championnat d\u2019Allemagne 2025 ce dimanche 29&hellip;\n","protected":false},"author":2,"featured_media":213708,"comment_status":"","ping_status":"","sticky":false,"template":"","format":"standard","meta":{"footnotes":""},"categories":[1587],"tags":[11,672,1804,1805,1803,1777,674,1801,12,1802],"class_list":{"0":"post-213707","1":"post","2":"type-post","3":"status-publish","4":"format-standard","5":"has-post-thumbnail","7":"category-allemagne","8":"tag-actualites","9":"tag-allemagne","10":"tag-bundesrepublik-deutschland","11":"tag-de","12":"tag-deutschland","13":"tag-eu","14":"tag-europe","15":"tag-germany","16":"tag-news","17":"tag-republique-federale-dallemagne"},"share_on_mastodon":{"url":"https:\/\/pubeurope.com\/@fr\/114767667233542693","error":""},"_links":{"self":[{"href":"https:\/\/www.europesays.com\/fr\/wp-json\/wp\/v2\/posts\/213707","targetHints":{"allow":["GET"]}}],"collection":[{"href":"https:\/\/www.europesays.com\/fr\/wp-json\/wp\/v2\/posts"}],"about":[{"href":"https:\/\/www.europesays.com\/fr\/wp-json\/wp\/v2\/types\/post"}],"author":[{"embeddable":true,"href":"https:\/\/www.europesays.com\/fr\/wp-json\/wp\/v2\/users\/2"}],"replies":[{"embeddable":true,"href":"https:\/\/www.europesays.com\/fr\/wp-json\/wp\/v2\/comments?post=213707"}],"version-history":[{"count":0,"href":"https:\/\/www.europesays.com\/fr\/wp-json\/wp\/v2\/posts\/213707\/revisions"}],"wp:featuredmedia":[{"embeddable":true,"href":"https:\/\/www.europesays.com\/fr\/wp-json\/wp\/v2\/media\/213708"}],"wp:attachment":[{"href":"https:\/\/www.europesays.com\/fr\/wp-json\/wp\/v2\/media?parent=213707"}],"wp:term":[{"taxonomy":"category","embeddable":true,"href":"https:\/\/www.europesays.com\/fr\/wp-json\/wp\/v2\/categories?post=213707"},{"taxonomy":"post_tag","embeddable":true,"href":"https:\/\/www.europesays.com\/fr\/wp-json\/wp\/v2\/tags?post=213707"}],"curies":[{"name":"wp","href":"https:\/\/api.w.org\/{rel}","templated":true}]}}