{"id":213728,"date":"2025-06-29T16:58:09","date_gmt":"2025-06-29T16:58:09","guid":{"rendered":"https:\/\/www.europesays.com\/fr\/213728\/"},"modified":"2025-06-29T16:58:09","modified_gmt":"2025-06-29T16:58:09","slug":"cyclisme-championnats-de-france-kevin-vauquelin-pour-changer-gregoire-ma-colle","status":"publish","type":"post","link":"https:\/\/www.europesays.com\/fr\/213728\/","title":{"rendered":"Cyclisme. Championnats de France &#8211; K\u00e9vin Vauquelin : \u00abPour changer, Gr\u00e9goire m&rsquo;a coll\u00e9&#8230;\u00bb"},"content":{"rendered":"<p>Cette \u00e9dition 2025 des <strong><a href=\"https:\/\/www.cyclismactu.net\/..\/news-cyclisme-route-championnats-de-france-dorian-godon-plus-fort-gregoire-et-vauquelin-frustres-88615.html\" target=\"_blank\" rel=\"nofollow noopener\">Championnats de France<\/a><\/strong> restera dans l&rsquo;histoire !\u00a0Sous une chaleur accablante et une course palpitante avec un suspense qui aura tenu jusqu&rsquo;au sprint final, <strong><a href=\"https:\/\/www.cyclismactu.net\/..\/news-cyclisme-route-championnats-de-france-dorian-godon-je-vais-partir-en-vacances-heureux-88620.html\" target=\"_blank\" rel=\"nofollow noopener\">Dorian Godon<\/a><\/strong>\u00a0(Decathlon AG2R La Mondiale) est devenu pour la premi\u00e8re fois de sa carri\u00e8re champion de France, r\u00e9glant au sprint <strong>Romain Gr\u00e9goire<\/strong> (Groupama-FDJ) et <strong>K\u00e9vin Vauquelin<\/strong> (Ark\u00e9a B&amp;B Hotels). Apr\u00e8s sa deuxi\u00e8me place lors du contre-la-montre jeudi dernier, battu par un autre coureur de la formation <strong>Decathlon AG2R La Mondiale<\/strong>, <strong>Bruno Armirail<\/strong>, le Fran\u00e7ais de 24 ans,<strong> K\u00e9vin Vauquelin<\/strong> s&rsquo;est exprim\u00e9 sur cette 3e place au go\u00fbt amer&#8230;<\/p>\n<p>Vid\u00e9o &#8211; La r\u00e9action de K\u00e9vin Vauquelin apr\u00e8s sa 3e place Lire la suite de l&rsquo;article&#13;<\/p>\n<p>\u00a0<\/p>\n<p>&#13;<br \/>\n<strong>\u00ab\u00a0Je n&rsquo;ai pas suffisamment cru en moi&#8230;\u00a0\u00bb<\/strong>&#13;<\/p>\n<p>Apr\u00e8s une deuxi\u00e8me place au classement g\u00e9n\u00e9ral du <strong>Tour de Suisse<\/strong> et des championnats de France plus qu&rsquo;honorables avec une deuxi\u00e8me place sur le contre-la-montre et une troisi\u00e8me place sur l&rsquo;\u00e9preuve en ligne, <strong>K\u00e9vin Vauquelin<\/strong> esp\u00e9rait faire mieux sur ces championnats de France et notamment sur le sprint final :\u00a0\u00ab\u00a0Je n&rsquo;ai plus envie de voir de maillots bleus (rires), il y en avait partout des Groupama-FDJ. C&rsquo;\u00e9tait compliqu\u00e9 avec leur surnombre. Pour changer, Romain Gr\u00e9goire \u00e9tait encore \u00e0 me coller, je ne pouvais pas faire grand-chose. J&rsquo;\u00e9tais tr\u00e8s, tr\u00e8s fort, probablement dans les tout meilleurs, mais je pense que la chaleur m&rsquo;a un peu limit\u00e9. Je n&rsquo;ai pas suffisamment cru en moi et en mon sprint. Le titre \u00e9tait atteignable, j&rsquo;\u00e9tais frais dans le final. La course n&rsquo;a pas \u00e9t\u00e9 si dure que \u00e7a, je sentais que je pouvais faire une course plus difficile avec mes jambes. J&rsquo;avais un peu plus la pancarte de favori, \u00e7a m&rsquo;a desservi\u00a0\u00bb,\u00a0explique-t-il<\/p>\n<p>&#13;<\/p>\n<p>Le Normand poursuit : \u00ab\u00a0Je suis content que ce soit Dorian Godon qui ait gagn\u00e9, parce que c&rsquo;est une belle personne qui le m\u00e9rite. Qu&rsquo;on ne me parle pas trop, et je suis content qu&rsquo;on coiffe aussi les Groupama-FDJ, parce que c&rsquo;\u00e9tait compliqu\u00e9 de jouer contre eux. Ils ont jou\u00e9 avec nous et avec notre mental. Donc voil\u00e0, je pense qu\u2019il n\u2019y a pas grand-chose \u00e0 regretter, et je remercie vraiment l\u2019\u00e9quipe Ark\u00e9a B&amp;B-Hotels\u00a0\u00bb, conclut le Normand de 24 ans au micro de l&rsquo;organisation.<\/p>\n<p>Championnats de France &#8211; Course en ligne Hommes &#8211; Classement g\u00e9n\u00e9ral<\/p>\n","protected":false},"excerpt":{"rendered":"Cette \u00e9dition 2025 des Championnats de France restera dans l&rsquo;histoire !\u00a0Sous une chaleur accablante et une course palpitante&hellip;\n","protected":false},"author":2,"featured_media":213729,"comment_status":"","ping_status":"","sticky":false,"template":"","format":"standard","meta":{"footnotes":""},"categories":[1411],"tags":[3714,1154,207,211,1011,27,209,60,210,212,208,213],"class_list":{"0":"post-213728","1":"post","2":"type-post","3":"status-publish","4":"format-standard","5":"has-post-thumbnail","7":"category-cyclisme","8":"tag-championnats-de-france","9":"tag-cycling","10":"tag-cyclisme","11":"tag-ffc","12":"tag-fr","13":"tag-france","14":"tag-route","15":"tag-sports","16":"tag-tour-de-france","17":"tag-uci","18":"tag-velo","19":"tag-world-tour"},"share_on_mastodon":{"url":"https:\/\/pubeurope.com\/@fr\/114767718257764309","error":""},"_links":{"self":[{"href":"https:\/\/www.europesays.com\/fr\/wp-json\/wp\/v2\/posts\/213728","targetHints":{"allow":["GET"]}}],"collection":[{"href":"https:\/\/www.europesays.com\/fr\/wp-json\/wp\/v2\/posts"}],"about":[{"href":"https:\/\/www.europesays.com\/fr\/wp-json\/wp\/v2\/types\/post"}],"author":[{"embeddable":true,"href":"https:\/\/www.europesays.com\/fr\/wp-json\/wp\/v2\/users\/2"}],"replies":[{"embeddable":true,"href":"https:\/\/www.europesays.com\/fr\/wp-json\/wp\/v2\/comments?post=213728"}],"version-history":[{"count":0,"href":"https:\/\/www.europesays.com\/fr\/wp-json\/wp\/v2\/posts\/213728\/revisions"}],"wp:featuredmedia":[{"embeddable":true,"href":"https:\/\/www.europesays.com\/fr\/wp-json\/wp\/v2\/media\/213729"}],"wp:attachment":[{"href":"https:\/\/www.europesays.com\/fr\/wp-json\/wp\/v2\/media?parent=213728"}],"wp:term":[{"taxonomy":"category","embeddable":true,"href":"https:\/\/www.europesays.com\/fr\/wp-json\/wp\/v2\/categories?post=213728"},{"taxonomy":"post_tag","embeddable":true,"href":"https:\/\/www.europesays.com\/fr\/wp-json\/wp\/v2\/tags?post=213728"}],"curies":[{"name":"wp","href":"https:\/\/api.w.org\/{rel}","templated":true}]}}