{"id":213734,"date":"2025-06-29T17:01:10","date_gmt":"2025-06-29T17:01:10","guid":{"rendered":"https:\/\/www.europesays.com\/fr\/213734\/"},"modified":"2025-06-29T17:01:10","modified_gmt":"2025-06-29T17:01:10","slug":"deep-time-art-17-humains-ont-vecu-deux-semaines-dans-la-grotte-de-lombrives-sans-lumiere-ni-horloge-voici-ce-quils-ont-decouvert-media24-fr","status":"publish","type":"post","link":"https:\/\/www.europesays.com\/fr\/213734\/","title":{"rendered":"Deep Time Art, 17 humains ont v\u00e9cu deux semaines dans la grotte de Lombrives sans lumi\u00e8re ni horloge : voici ce qu\u2019ils ont d\u00e9couvert &#8211; Media24.fr"},"content":{"rendered":"<ol>\n<li><a href=\"https:\/\/news.google.com\/rss\/articles\/CBMi8AFBVV95cUxQOUZ6WUVhSllCWm9lb0d3dlU1Vk1jbUM0YWlIQjJ1cGhCNkNJci10X3kzN2tSME5fTkhQc1J1cXIzSFR0cXgtelB1VVFnS3A1Z0hpQS1NcHA0a1ZHcFptdFRxcTdHdnRhYVVuSE1KWmtTTnluUjJDdk1TWEZVUjA4LXBFajkzSko3NkdYVEpmaEd6bldwVEdSQjYyUkhaN2lONXg1eGNJODBqVzlzZ1Q4ZmtzVGxoUVBLVzdSZ0FBbmVhYU9rb1hNaXZvQ21kRExFWE94NHByYllUYWtPQkFtWk5rZ0lRd3p5RVE4Z0RyaE0?oc=5\" target=\"_blank\" rel=\"nofollow noopener\">Deep Time Art, 17 humains ont v\u00e9cu deux semaines dans la grotte de Lombrives sans lumi\u00e8re ni horloge : voici ce qu\u2019ils ont d\u00e9couvert<\/a>&nbsp;&nbsp;Media24.fr<\/li>\n<li><a href=\"https:\/\/news.google.com\/rss\/articles\/CBMijgJBVV95cUxOcUk5V1k1NlRZdXV1cWI2MnpGWXJPa0wydG1IR0RQSUw1X3JWYmdYNk5jV21yTnJOeEw3MDFlUGh2V0Q1UDZ4T0hLclhfemZtVkFBSUJXeEJiUTRqeXpFUGlENHVqMFJ3cmYtaTNBU0hRZ3VoZUJZTUtTcnUtbEh6THg3aWZWWlY1QTc5akhvS0Y0TUFXM2YtbDRNbHczbGZjZVhCV3JhLTZvQzZUcWtsVHlfU1JIOFBwSjRBcVJyTFRCMTBWVzhPZXNqMloyLVlQaUVFRGQ3TEdTZVpNTndvWkJUMzlXUENZWDRrUFktQWJpaTVma1haLU5IVVNKM2JLMzI3djdlaUdIZXF0UEE?oc=5\" target=\"_blank\" rel=\"nofollow noopener\">\u00ab\u00a0L&rsquo;esprit est relax\u00e9\u00a0\u00bb: 17 personnes volontaires dans une grotte pendant deux semaines pour une exp\u00e9rience scientifique<\/a>&nbsp;&nbsp;BFMTV<\/li>\n<li><a href=\"https:\/\/news.google.com\/rss\/articles\/CBMi9gFBVV95cUxOT2xad2RWUXZ5T0h4eUNVQnpkVWs4a2c5ckw0bll5UEg0Mjh0UklRS3N3WG1aWERvMnVxZm5zTTZtTXNrNDJGYUhCOVlmVlJDUVRFaGJUWndzbFFvM1lRYmw0cnNVWmI1Y0VpSjhFWUNILUxnRWFXTzloRWozQ3V0dGQtNEJJRnBuZjhNWHdzZTM3dzZjQ25Pa2dtcnBPdXBqNDdtQXFueXVnTGxxZkw5ZDBzdHVoVU5lZ1dqeUhvT2IyMExIeXVmYWdGNkE2X3k1Y2FKamxhN2pPZVphQzBZcDF2V0N6aTZNMVA5NjdKRDlUS3dLQWc?oc=5\" target=\"_blank\" rel=\"nofollow noopener\">En immersion 400m sous terre, le sculpteur toulousain S\u00e9bastien Langlo\u00ffs livre son exp\u00e9rience unique de Deep Time 2<\/a>&nbsp;&nbsp;ladepeche.fr<\/li>\n<li><a href=\"https:\/\/news.google.com\/rss\/articles\/CBMiuAFBVV95cUxQSjNMVEpVYndOT1FSYjFGWDh1R2Q3c0xYZEhBYkdsRW5KUlE3bnh3WndJVGFvd2NtbTFRMnNMNk5NcEpfNVViek9YLW1BX3J0TmVRSGsxRDh6SlVEdUJGM0tiSjlMQnVlenYyYTJ3bWdRUkxhMEhET2VLX2xHLS1KTkYzcmU2dXlHLVJvNDVyamJabzJiMTYwdVFGUEQtNENweFZUWVpiYmN2eUZmS0Y5THphcF8tdlZw?oc=5\" target=\"_blank\" rel=\"nofollow noopener\">Unique : Hors du temps, des artistes mettent leur cr\u00e9ativit\u00e9 \u00e0 l\u2019\u00e9preuve dans la grotte de Lombrives<\/a>&nbsp;&nbsp;Dis-leur<\/li>\n<li><a href=\"https:\/\/news.google.com\/rss\/articles\/CBMifkFVX3lxTE1HUEZMeGFmVTZNR25MbFAyVkdEOVRvOGVZcko4bkRrb3RjSU1zOF9kSksxNUhaTWMzWm9MUUhFOXczMW5rUWViSUNMeXlLZnd1U3c0VXJOM3VMQkhRLVpSenp4TGhhR1E3WjBuSklMTnU2eEJtM2wwYXJYRC1wZw?oc=5\" target=\"_blank\" rel=\"nofollow noopener\">Qu\u2019est-ce que l\u2019exp\u00e9rience Deep Time II ?<\/a>&nbsp;&nbsp;lejdd.fr<\/li>\n<\/ol>\n","protected":false},"excerpt":{"rendered":"Deep Time Art, 17 humains ont v\u00e9cu deux semaines dans la grotte de Lombrives sans lumi\u00e8re ni horloge&hellip;\n","protected":false},"author":2,"featured_media":213735,"comment_status":"","ping_status":"","sticky":false,"template":"","format":"standard","meta":{"footnotes":""},"categories":[1358],"tags":[1348,1384,1385,1386,58,59,1011,27],"class_list":{"0":"post-213734","1":"post","2":"type-post","3":"status-publish","4":"format-standard","5":"has-post-thumbnail","7":"category-arts-et-design","8":"tag-arts","9":"tag-arts-and-design","10":"tag-arts-et-design","11":"tag-design","12":"tag-divertissement","13":"tag-entertainment","14":"tag-fr","15":"tag-france"},"share_on_mastodon":{"url":"https:\/\/pubeurope.com\/@fr\/114767730072100248","error":""},"_links":{"self":[{"href":"https:\/\/www.europesays.com\/fr\/wp-json\/wp\/v2\/posts\/213734","targetHints":{"allow":["GET"]}}],"collection":[{"href":"https:\/\/www.europesays.com\/fr\/wp-json\/wp\/v2\/posts"}],"about":[{"href":"https:\/\/www.europesays.com\/fr\/wp-json\/wp\/v2\/types\/post"}],"author":[{"embeddable":true,"href":"https:\/\/www.europesays.com\/fr\/wp-json\/wp\/v2\/users\/2"}],"replies":[{"embeddable":true,"href":"https:\/\/www.europesays.com\/fr\/wp-json\/wp\/v2\/comments?post=213734"}],"version-history":[{"count":0,"href":"https:\/\/www.europesays.com\/fr\/wp-json\/wp\/v2\/posts\/213734\/revisions"}],"wp:featuredmedia":[{"embeddable":true,"href":"https:\/\/www.europesays.com\/fr\/wp-json\/wp\/v2\/media\/213735"}],"wp:attachment":[{"href":"https:\/\/www.europesays.com\/fr\/wp-json\/wp\/v2\/media?parent=213734"}],"wp:term":[{"taxonomy":"category","embeddable":true,"href":"https:\/\/www.europesays.com\/fr\/wp-json\/wp\/v2\/categories?post=213734"},{"taxonomy":"post_tag","embeddable":true,"href":"https:\/\/www.europesays.com\/fr\/wp-json\/wp\/v2\/tags?post=213734"}],"curies":[{"name":"wp","href":"https:\/\/api.w.org\/{rel}","templated":true}]}}